{"id":84488,"date":"2020-05-06T13:03:32","date_gmt":"2020-05-06T17:03:32","guid":{"rendered":"https:\/\/linitiative.ca\/International\/deces-du-photographe-francais-marc-garanger-a-85-ans\/"},"modified":"2020-05-06T13:03:32","modified_gmt":"2020-05-06T17:03:32","slug":"deces-du-photographe-francais-marc-garanger-a-85-ans","status":"publish","type":"post","link":"https:\/\/linitiative.ca\/International\/deces-du-photographe-francais-marc-garanger-a-85-ans\/","title":{"rendered":"D\u00e9c\u00e8s du photographe fran\u00e7ais Marc Garanger \u00e0 85 ans"},"content":{"rendered":"<div>\n<div class=\"K2FeedImage\"><img decoding=\"async\" src=\"http:\/\/www.aps.dz\/media\/k2\/items\/cache\/e206418a2b7efb5f0dce4ec4f0cf5ac6_S.jpg\" alt=\"D&eacute;c&egrave;s du photographe fran&ccedil;ais Marc Garanger &agrave; 85 ans\"><\/div>\n<div class=\"K2FeedIntroText\">\n<p><strong>ALGER &#8211; Le c&eacute;l&egrave;bre photographe fran&ccedil;ais Marc Garanger, connu pour ses photographies repr&eacute;sentant des femmes alg&eacute;riennes en 1960 sous le r&eacute;gime colonial, est d&eacute;c&eacute;d&eacute; mercredi dernier &agrave; l&rsquo;&acirc;ge de 85 ans, selon un article paru dans le quotidien El-Watan.<\/strong><\/p>\n<\/div>\n<div class=\"K2FeedFullText\">\n<p>N&eacute; &agrave; Lyon en 1935, Marc Garanger &eacute;tait passionn&eacute; par la photographie dans les ann&eacute;es 1950. Il a rejoint l`arm&eacute;e fran&ccedil;aise pour accomplir son service militaire et fut charg&eacute; de photographier pr&egrave;s de 2000 femmes alg&eacute;riennes en majorit&eacute; rurales dans la wilaya de Bouira (Ain Terzine et El Mardoud notamment) dont les populations avaient &eacute;t&eacute; transf&eacute;r&eacute;es dans les camps de concentration.<\/p>\n<blockquote>\n<p><em><strong>L`administration coloniale, se proposait de recenser les populations des villages dans le but de mieux les ma&icirc;triser et de resserrer l`&eacute;tau autour des &eacute;l&eacute;ments de l`Arm&eacute;e de lib&eacute;ration nationale (ALN).<\/strong><\/em><\/p>\n<\/blockquote>\n<p>Les photographies avaient &eacute;t&eacute; publi&eacute;es pour la premi&egrave;re fois dans une revue suisse et avaient &eacute;t&eacute; consid&eacute;r&eacute;es comme un t&eacute;moignage de la barbarie coloniale fran&ccedil;aise avec son corollaire le racisme. Elles ont &eacute;t&eacute; ensuite expos&eacute;es dans plusieurs villes fran&ccedil;aises, en Gr&egrave;ce et en Finlande.<\/p>\n<p>Marc Garanger a re&ccedil;u plusieurs distinctions internationales dont le prix fran&ccedil;ais Niepce de photographie (1966), le prix du New York photo festival (2010) pour ses photographies sur des peuples et communaut&eacute;s dans diff&eacute;rentes parties du monde.<\/p>\n<\/div>\n<\/div>\n<p>Auteur:<br \/>\n<a href=\"http:\/\/www.aps.dz\/culture\/104743-deces-du-photographe-francais-marc-garanger-a-85-ans\">Cliquez ici pour lire l&rsquo;article depuis sa source.<\/a><\/p>\n","protected":false},"excerpt":{"rendered":"<p>ALGER &#8211; Le c&eacute;l&egrave;bre photographe fran&ccedil;ais Marc Garanger, connu pour ses photographies repr&eacute;sentant des femmes alg&eacute;riennes en 1960 sous le r&eacute;gime colonial, est d&eacute;c&eacute;d&eacute; mercredi dernier &agrave; l&rsquo;&acirc;ge de 85 ans, selon un article paru dans le quotidien El-Watan. N&eacute; &agrave; Lyon en 1935, Marc Garanger &eacute;tait passionn&eacute; par la photographie dans les ann&eacute;es 1950. [&hellip;]<\/p>\n","protected":false},"author":1790,"featured_media":84489,"comment_status":"closed","ping_status":"closed","sticky":false,"template":"","format":"standard","meta":{"fifu_image_url":"","fifu_image_alt":"","footnotes":""},"categories":[53,79],"tags":[],"class_list":["post-84488","post","type-post","status-publish","format-standard","has-post-thumbnail","hentry","category-algerie","category-culture"],"_links":{"self":[{"href":"https:\/\/linitiative.ca\/International\/wp-json\/wp\/v2\/posts\/84488","targetHints":{"allow":["GET"]}}],"collection":[{"href":"https:\/\/linitiative.ca\/International\/wp-json\/wp\/v2\/posts"}],"about":[{"href":"https:\/\/linitiative.ca\/International\/wp-json\/wp\/v2\/types\/post"}],"author":[{"embeddable":true,"href":"https:\/\/linitiative.ca\/International\/wp-json\/wp\/v2\/users\/1790"}],"replies":[{"embeddable":true,"href":"https:\/\/linitiative.ca\/International\/wp-json\/wp\/v2\/comments?post=84488"}],"version-history":[{"count":0,"href":"https:\/\/linitiative.ca\/International\/wp-json\/wp\/v2\/posts\/84488\/revisions"}],"wp:featuredmedia":[{"embeddable":true,"href":"https:\/\/linitiative.ca\/International\/wp-json\/"}],"wp:attachment":[{"href":"https:\/\/linitiative.ca\/International\/wp-json\/wp\/v2\/media?parent=84488"}],"wp:term":[{"taxonomy":"category","embeddable":true,"href":"https:\/\/linitiative.ca\/International\/wp-json\/wp\/v2\/categories?post=84488"},{"taxonomy":"post_tag","embeddable":true,"href":"https:\/\/linitiative.ca\/International\/wp-json\/wp\/v2\/tags?post=84488"}],"curies":[{"name":"wp","href":"https:\/\/api.w.org\/{rel}","templated":true}]}}