{"id":84490,"date":"2020-05-06T11:31:00","date_gmt":"2020-05-06T15:31:00","guid":{"rendered":"https:\/\/linitiative.ca\/International\/un-centre-regional-de-lunesco-sera-implante-a-alger\/"},"modified":"2020-05-06T11:31:00","modified_gmt":"2020-05-06T15:31:00","slug":"un-centre-regional-de-lunesco-sera-implante-a-alger","status":"publish","type":"post","link":"https:\/\/linitiative.ca\/International\/un-centre-regional-de-lunesco-sera-implante-a-alger\/","title":{"rendered":"Un centre r\u00e9gional de l\u2019Unesco sera implant\u00e9 \u00e0 Alger"},"content":{"rendered":"<div id=\"originalText\" readability=\"59\">\n<p>Alger se dotera prochainement d\u2019un centre r\u00e9gional de l\u2019Unesco, charg\u00e9 de la sauvegarde du patrimoine culturel immat\u00e9riel en Afrique.<\/p>\n<p>En effet, un projet de d\u00e9cret ex\u00e9cutif fixant l\u2019organisation et le fonctionnement du centre r\u00e9gional \u00e0 Alger pour la sauvegarde du patrimoine culturel immat\u00e9riel en Afrique, de cat\u00e9gorie 2, plac\u00e9 sous l\u2019\u00e9gide de l\u2019UNESCO, a \u00e9t\u00e9 examin\u00e9, ce mercredi, en r\u00e9union du gouvernement.<\/p>\n<p>Selon le communiqu\u00e9 qui a sanctionn\u00e9 la r\u00e9union, r\u00e9percut\u00e9 par l\u2019APS, \u00abce projet de d\u00e9cret fixe les modalit\u00e9s d\u2019organisation et de fonctionnement de ce centre qui a une vocation r\u00e9gionale et dont la cr\u00e9ation trouve son fondement dans l\u2019accord entre le gouvernement alg\u00e9rien et l\u2019UNESCO sign\u00e9 \u00e0 Paris le 28 f\u00e9vrier 2014\u00bb.<\/p>\n<p>Parmi les missions les plus importantes confi\u00e9es \u00e0 ce centre r\u00e9gional, le projet de d\u00e9cret ex\u00e9cutif cite \u00abla contribution \u00e0 une meilleure connaissance du patrimoine culturel immat\u00e9riel et \u00e0 la valorisation des r\u00e9sultats de la recherche dans ce domaine, le recueil et le traitement des donn\u00e9es scientifiques dans le domaine du patrimoine culturel immat\u00e9riel national et africain, ainsi que leur diffusion et la contribution \u00e0 la politique de formation de la ressource humaine sp\u00e9cialis\u00e9e\u00bb.<\/p>\n<p class=\"c6\"><strong>R\u00e9daction Web<\/strong><\/p>\n<\/div>\n<div id=\"text_core\" readability=\"59\">\n<p>Alger se dotera prochainement d\u2019un centre r\u00e9gional de l\u2019Unesco, charg\u00e9 de la sauvegarde du patrimoine culturel immat\u00e9riel en Afrique.<\/p>\n<p>En effet, un projet de d\u00e9cret ex\u00e9cutif fixant l\u2019organisation et le fonctionnement du centre r\u00e9gional \u00e0 Alger pour la sauvegarde du patrimoine culturel immat\u00e9riel en Afrique, de cat\u00e9gorie 2, plac\u00e9 sous l\u2019\u00e9gide de l\u2019UNESCO, a \u00e9t\u00e9 examin\u00e9, ce mercredi, en r\u00e9union du gouvernement.<\/p>\n<p>Selon le communiqu\u00e9 qui a sanctionn\u00e9 la r\u00e9union, r\u00e9percut\u00e9 par l\u2019APS, \u00abce projet de d\u00e9cret fixe les modalit\u00e9s d\u2019organisation et de fonctionnement de ce centre qui a une vocation r\u00e9gionale et dont la cr\u00e9ation trouve son fondement dans l\u2019accord entre le gouvernement alg\u00e9rien et l\u2019UNESCO sign\u00e9 \u00e0 Paris le 28 f\u00e9vrier 2014\u00bb.<\/p>\n<p>Parmi les missions les plus importantes confi\u00e9es \u00e0 ce centre r\u00e9gional, le projet de d\u00e9cret ex\u00e9cutif cite \u00abla contribution \u00e0 une meilleure connaissance du patrimoine culturel immat\u00e9riel et \u00e0 la valorisation des r\u00e9sultats de la recherche dans ce domaine, le recueil et le traitement des donn\u00e9es scientifiques dans le domaine du patrimoine culturel immat\u00e9riel national et africain, ainsi que leur diffusion et la contribution \u00e0 la politique de formation de la ressource humaine sp\u00e9cialis\u00e9e\u00bb.<\/p>\n<p class=\"c6\"><strong>R\u00e9daction Web<\/strong><\/p>\n<\/div>\n<p>Auteur:<br \/>\n<a href=\"https:\/\/www.liberte-algerie.com\/actualite\/un-centre-regional-de-lunesco-sera-implante-a-alger-338333\">Cliquez ici pour lire l&rsquo;article depuis sa source.<\/a><\/p>\n","protected":false},"excerpt":{"rendered":"<p>Alger se dotera prochainement d\u2019un centre r\u00e9gional de l\u2019Unesco, charg\u00e9 de la sauvegarde du patrimoine culturel immat\u00e9riel en Afrique. En effet, un projet de d\u00e9cret ex\u00e9cutif fixant l\u2019organisation et le fonctionnement du centre r\u00e9gional \u00e0 Alger pour la sauvegarde du patrimoine culturel immat\u00e9riel en Afrique, de cat\u00e9gorie 2, plac\u00e9 sous l\u2019\u00e9gide de l\u2019UNESCO, a \u00e9t\u00e9 [&hellip;]<\/p>\n","protected":false},"author":1742,"featured_media":0,"comment_status":"closed","ping_status":"closed","sticky":false,"template":"","format":"standard","meta":{"fifu_image_url":"","fifu_image_alt":"","footnotes":""},"categories":[73,53],"tags":[],"class_list":["post-84490","post","type-post","status-publish","format-standard","hentry","category-actualite","category-algerie"],"_links":{"self":[{"href":"https:\/\/linitiative.ca\/International\/wp-json\/wp\/v2\/posts\/84490","targetHints":{"allow":["GET"]}}],"collection":[{"href":"https:\/\/linitiative.ca\/International\/wp-json\/wp\/v2\/posts"}],"about":[{"href":"https:\/\/linitiative.ca\/International\/wp-json\/wp\/v2\/types\/post"}],"author":[{"embeddable":true,"href":"https:\/\/linitiative.ca\/International\/wp-json\/wp\/v2\/users\/1742"}],"replies":[{"embeddable":true,"href":"https:\/\/linitiative.ca\/International\/wp-json\/wp\/v2\/comments?post=84490"}],"version-history":[{"count":0,"href":"https:\/\/linitiative.ca\/International\/wp-json\/wp\/v2\/posts\/84490\/revisions"}],"wp:attachment":[{"href":"https:\/\/linitiative.ca\/International\/wp-json\/wp\/v2\/media?parent=84490"}],"wp:term":[{"taxonomy":"category","embeddable":true,"href":"https:\/\/linitiative.ca\/International\/wp-json\/wp\/v2\/categories?post=84490"},{"taxonomy":"post_tag","embeddable":true,"href":"https:\/\/linitiative.ca\/International\/wp-json\/wp\/v2\/tags?post=84490"}],"curies":[{"name":"wp","href":"https:\/\/api.w.org\/{rel}","templated":true}]}}