{"id":84491,"date":"2020-05-06T11:44:00","date_gmt":"2020-05-06T15:44:00","guid":{"rendered":"https:\/\/linitiative.ca\/International\/plusieurs-projets-examines\/"},"modified":"2020-05-06T11:44:00","modified_gmt":"2020-05-06T15:44:00","slug":"plusieurs-projets-examines","status":"publish","type":"post","link":"https:\/\/linitiative.ca\/International\/plusieurs-projets-examines\/","title":{"rendered":"Plusieurs projets examin\u00e9s"},"content":{"rendered":"<div id=\"originalText\" readability=\"126\">\n<p>Le Premier ministre, Abdelaziz Djerad, a pr\u00e9sid\u00e9 mercredi une r\u00e9union du gouvernement, en visioconf\u00e9rence, consacr\u00e9e \u00e0 l&rsquo;examen de projets de d\u00e9crets ex\u00e9cutifs et pr\u00e9sentation de communications concernant plusieurs secteurs d&rsquo;activit\u00e9, indique un communiqu\u00e9 des services du Premier ministre.<\/p>\n<p>Il s&rsquo;agit de l\u2019examen d\u2019un projet de d\u00e9cret ex\u00e9cutif relatif au secteur de l\u2019Enseignement sup\u00e9rieur et de la recherche scientifique, d\u2019un d\u00e9cret ex\u00e9cutif relatif au secteur de la Culture et d\u2019un projet de d\u00e9cret ex\u00e9cutif relatif au secteur de l\u2019Environnement et des \u00e9nergies renouvelables.<\/p>\n<p>Le gouvernement a \u00e9cout\u00e9 \u00e9galement la pr\u00e9sentation d\u2019une communication du ministre de la Poste et de t\u00e9l\u00e9communication sur le plan d\u2019am\u00e9lioration de la connectivit\u00e9 Internet, de la mutualisation des infrastructures et de la coordination intersectorielle et la pr\u00e9sentation d\u2019une communication du ministre de la micro entreprise, des start-up et de l\u2019\u00e9conomie de la connaissance sur le projet de lancement de petites entreprises pour appuyer le transport a\u00e9rien au niveau des hauts plateaux et du sud de l\u2019Alg\u00e9rie.<\/p>\n<p>Le gouvernement a entendu un expos\u00e9 du ministre de l\u2019Enseignement sup\u00e9rieur et de la Recherche scientifique relatif \u00e0 la pr\u00e9sentation du projet de d\u00e9cret ex\u00e9cutif portant cr\u00e9ation d\u2019une \u00e9cole nationale sup\u00e9rieure en \u00e9nergies renouvelables, environnement et d\u00e9veloppement durable.<\/p>\n<p>Cette \u00e9cole vient appuyer les dispositifs et les instruments n\u00e9cessaires \u00e0 la mise en \u0153uvre de la politique de transition \u00e9nerg\u00e9tique pr\u00e9vue par le plan d\u2019action du gouvernement.<\/p>\n<p>Elle a pour vocation de d\u00e9velopper de nouvelles fili\u00e8res de formation en rapport avec la transition \u00e9nerg\u00e9tique et de participer aux activit\u00e9s de recherche et d\u2019innovation technologique en partenariat avec le secteur \u00e9conomique.<\/p>\n<p>Le gouvernement a entendu un expos\u00e9 de la ministre de la Culture relatif \u00e0 la pr\u00e9sentation de projet de d\u00e9cret ex\u00e9cutif fixant l\u2019organisation et le fonctionnement du centre r\u00e9gional \u00e0 Alger pour la sauvegarde du patrimoine culturel immat\u00e9riel en Afrique, de cat\u00e9gorie 2, plac\u00e9 sous l\u2019\u00e9gide de l\u2019UNESCO.<\/p>\n<p>Ce projet de d\u00e9cret fixe les modalit\u00e9s d\u2019organisation et de fonctionnement de ce centre qui a une vocation r\u00e9gionale et dont la cr\u00e9ation trouve son fondement dans l\u2019accord entre le gouvernement alg\u00e9rien et l\u2019UNESCO sign\u00e9 \u00e0 Paris le 28 f\u00e9vrier 2014.<\/p>\n<p>Parmi les missions les plus importantes confi\u00e9es \u00e0 ce centre r\u00e9gional, on peut citer :<\/p>\n<p>&#8211; la contribution \u00e0 une meilleure connaissance du patrimoine culturel immat\u00e9riel et \u00e0 la valorisation des r\u00e9sultats de la recherche dans ce domaine,- le recueil et le traitement des donn\u00e9es scientifiques dans le domaine du patrimoine culturel immat\u00e9riel national et africain, ainsi que leur diffusion, &#8211; la contribution \u00e0 la politique de formation de la ressource humaine sp\u00e9cialis\u00e9e.<\/p>\n<p>Le gouvernement a entendu un expos\u00e9 de la ministre de l\u2019Environnement et des Energies renouvelables relatif \u00e0 la pr\u00e9sentation du projet de d\u00e9cret ex\u00e9cutif fixant les modalit\u00e9s de fonctionnement du compte d\u2019affectation sp\u00e9ciale n 302-065 intitul\u00e9 \u00ab\u00a0Fonds national de l\u2019environnement et du littoral\u00a0\u00bb.<\/p>\n<p>Ce projet de d\u00e9cret a pour objet de d\u00e9finir la nomenclature des recettes et d\u00e9penses du compte d\u2019affectation sp\u00e9ciale n 302-065 intitul\u00e9 \u00ab\u00a0Fonds national de l\u2019environnement et du littoral\u00a0\u00bb (FONAL), conform\u00e9ment aux dispositions de l\u2019article 128 de la loi de finances 2020.<\/p>\n<p>Le gouvernement a entendu une communication du ministre de la Poste et des T\u00e9l\u00e9communications portant sur le plan d\u2019am\u00e9lioration de la connectivit\u00e9 Internet, de la mutualisation des infrastructures et la coordination intersectorielle.<\/p>\n<p>Le plan d\u2019action du gouvernement a inscrit parmi ses priorit\u00e9s la modernisation et le renforcement des infrastructures de t\u00e9l\u00e9communication sur l\u2019ensemble du territoire national dans l\u2019objectif d\u2019am\u00e9liorer la connectivit\u00e9 au profit des m\u00e9nages et des agents \u00e9conomiques et de g\u00e9n\u00e9raliser l\u2019acc\u00e8s \u00e0 Internet \u00e0 tr\u00e8s haut d\u00e9bit au moyen de la densification du r\u00e9seau des t\u00e9l\u00e9communications et sa mise \u00e0 niveau.<\/p>\n<p>Le gouvernement a entendu un expos\u00e9 du ministre de la micro entreprise, des start-up et de l\u2019\u00e9conomie de la connaissance relatif au projet de lancement de petites entreprises pour appuyer le transport a\u00e9rien au niveau des hauts plateaux et du sud de l\u2019Alg\u00e9rie.<\/p>\n<p>Ce projet s\u2019inscrit dans le cadre de la dynamisation de l\u2019action \u00e9conomique et sociale au niveau des r\u00e9gions des Hauts plateaux et du Sud.<\/p>\n<p>Il a pour but, notamment, de d\u00e9velopper le taxi a\u00e9rien par des avions l\u00e9gers de 6 \u00e0 11 places, \u00e0 un prix abordable via une plateforme digitale.<\/p>\n<p>S\u2019\u00e9talant sur la conception du projet et les modalit\u00e9s de sa concr\u00e9tisation ainsi que son impact sur l\u2019activit\u00e9 \u00e9conomique par la cr\u00e9ation des petites et moyennes entreprises, il a \u00e9t\u00e9 mis en exergue la n\u00e9cessit\u00e9 d\u2019approfondir davantage l\u2019\u00e9tude de maturation de ce projet.<\/p>\n<p class=\"c6\"><strong>APS<\/strong><\/p>\n<\/div>\n<div id=\"text_core\" readability=\"126\">\n<p>Le Premier ministre, Abdelaziz Djerad, a pr\u00e9sid\u00e9 mercredi une r\u00e9union du gouvernement, en visioconf\u00e9rence, consacr\u00e9e \u00e0 l&rsquo;examen de projets de d\u00e9crets ex\u00e9cutifs et pr\u00e9sentation de communications concernant plusieurs secteurs d&rsquo;activit\u00e9, indique un communiqu\u00e9 des services du Premier ministre.<\/p>\n<p>Il s&rsquo;agit de l\u2019examen d\u2019un projet de d\u00e9cret ex\u00e9cutif relatif au secteur de l\u2019Enseignement sup\u00e9rieur et de la recherche scientifique, d\u2019un d\u00e9cret ex\u00e9cutif relatif au secteur de la Culture et d\u2019un projet de d\u00e9cret ex\u00e9cutif relatif au secteur de l\u2019Environnement et des \u00e9nergies renouvelables.<\/p>\n<p>Le gouvernement a \u00e9cout\u00e9 \u00e9galement la pr\u00e9sentation d\u2019une communication du ministre de la Poste et de t\u00e9l\u00e9communication sur le plan d\u2019am\u00e9lioration de la connectivit\u00e9 Internet, de la mutualisation des infrastructures et de la coordination intersectorielle et la pr\u00e9sentation d\u2019une communication du ministre de la micro entreprise, des start-up et de l\u2019\u00e9conomie de la connaissance sur le projet de lancement de petites entreprises pour appuyer le transport a\u00e9rien au niveau des hauts plateaux et du sud de l\u2019Alg\u00e9rie.<\/p>\n<p>Le gouvernement a entendu un expos\u00e9 du ministre de l\u2019Enseignement sup\u00e9rieur et de la Recherche scientifique relatif \u00e0 la pr\u00e9sentation du projet de d\u00e9cret ex\u00e9cutif portant cr\u00e9ation d\u2019une \u00e9cole nationale sup\u00e9rieure en \u00e9nergies renouvelables, environnement et d\u00e9veloppement durable.<\/p>\n<p>Cette \u00e9cole vient appuyer les dispositifs et les instruments n\u00e9cessaires \u00e0 la mise en \u0153uvre de la politique de transition \u00e9nerg\u00e9tique pr\u00e9vue par le plan d\u2019action du gouvernement.<\/p>\n<p>Elle a pour vocation de d\u00e9velopper de nouvelles fili\u00e8res de formation en rapport avec la transition \u00e9nerg\u00e9tique et de participer aux activit\u00e9s de recherche et d\u2019innovation technologique en partenariat avec le secteur \u00e9conomique.<\/p>\n<p>Le gouvernement a entendu un expos\u00e9 de la ministre de la Culture relatif \u00e0 la pr\u00e9sentation de projet de d\u00e9cret ex\u00e9cutif fixant l\u2019organisation et le fonctionnement du centre r\u00e9gional \u00e0 Alger pour la sauvegarde du patrimoine culturel immat\u00e9riel en Afrique, de cat\u00e9gorie 2, plac\u00e9 sous l\u2019\u00e9gide de l\u2019UNESCO.<\/p>\n<p>Ce projet de d\u00e9cret fixe les modalit\u00e9s d\u2019organisation et de fonctionnement de ce centre qui a une vocation r\u00e9gionale et dont la cr\u00e9ation trouve son fondement dans l\u2019accord entre le gouvernement alg\u00e9rien et l\u2019UNESCO sign\u00e9 \u00e0 Paris le 28 f\u00e9vrier 2014.<\/p>\n<p>Parmi les missions les plus importantes confi\u00e9es \u00e0 ce centre r\u00e9gional, on peut citer :<\/p>\n<p>&#8211; la contribution \u00e0 une meilleure connaissance du patrimoine culturel immat\u00e9riel et \u00e0 la valorisation des r\u00e9sultats de la recherche dans ce domaine,- le recueil et le traitement des donn\u00e9es scientifiques dans le domaine du patrimoine culturel immat\u00e9riel national et africain, ainsi que leur diffusion, &#8211; la contribution \u00e0 la politique de formation de la ressource humaine sp\u00e9cialis\u00e9e.<\/p>\n<p>Le gouvernement a entendu un expos\u00e9 de la ministre de l\u2019Environnement et des Energies renouvelables relatif \u00e0 la pr\u00e9sentation du projet de d\u00e9cret ex\u00e9cutif fixant les modalit\u00e9s de fonctionnement du compte d\u2019affectation sp\u00e9ciale n 302-065 intitul\u00e9 \u00ab\u00a0Fonds national de l\u2019environnement et du littoral\u00a0\u00bb.<\/p>\n<p>Ce projet de d\u00e9cret a pour objet de d\u00e9finir la nomenclature des recettes et d\u00e9penses du compte d\u2019affectation sp\u00e9ciale n 302-065 intitul\u00e9 \u00ab\u00a0Fonds national de l\u2019environnement et du littoral\u00a0\u00bb (FONAL), conform\u00e9ment aux dispositions de l\u2019article 128 de la loi de finances 2020.<\/p>\n<p>Le gouvernement a entendu une communication du ministre de la Poste et des T\u00e9l\u00e9communications portant sur le plan d\u2019am\u00e9lioration de la connectivit\u00e9 Internet, de la mutualisation des infrastructures et la coordination intersectorielle.<\/p>\n<p>Le plan d\u2019action du gouvernement a inscrit parmi ses priorit\u00e9s la modernisation et le renforcement des infrastructures de t\u00e9l\u00e9communication sur l\u2019ensemble du territoire national dans l\u2019objectif d\u2019am\u00e9liorer la connectivit\u00e9 au profit des m\u00e9nages et des agents \u00e9conomiques et de g\u00e9n\u00e9raliser l\u2019acc\u00e8s \u00e0 Internet \u00e0 tr\u00e8s haut d\u00e9bit au moyen de la densification du r\u00e9seau des t\u00e9l\u00e9communications et sa mise \u00e0 niveau.<\/p>\n<p>Le gouvernement a entendu un expos\u00e9 du ministre de la micro entreprise, des start-up et de l\u2019\u00e9conomie de la connaissance relatif au projet de lancement de petites entreprises pour appuyer le transport a\u00e9rien au niveau des hauts plateaux et du sud de l\u2019Alg\u00e9rie.<\/p>\n<p>Ce projet s\u2019inscrit dans le cadre de la dynamisation de l\u2019action \u00e9conomique et sociale au niveau des r\u00e9gions des Hauts plateaux et du Sud.<\/p>\n<p>Il a pour but, notamment, de d\u00e9velopper le taxi a\u00e9rien par des avions l\u00e9gers de 6 \u00e0 11 places, \u00e0 un prix abordable via une plateforme digitale.<\/p>\n<p>S\u2019\u00e9talant sur la conception du projet et les modalit\u00e9s de sa concr\u00e9tisation ainsi que son impact sur l\u2019activit\u00e9 \u00e9conomique par la cr\u00e9ation des petites et moyennes entreprises, il a \u00e9t\u00e9 mis en exergue la n\u00e9cessit\u00e9 d\u2019approfondir davantage l\u2019\u00e9tude de maturation de ce projet.<\/p>\n<p class=\"c6\"><strong>APS<\/strong><\/p>\n<\/div>\n<p>Auteur:<br \/>\n<a href=\"https:\/\/www.liberte-algerie.com\/actualite\/plusieurs-projets-examines-338335\">Cliquez ici pour lire l&rsquo;article depuis sa source.<\/a><\/p>\n","protected":false},"excerpt":{"rendered":"<p>Le Premier ministre, Abdelaziz Djerad, a pr\u00e9sid\u00e9 mercredi une r\u00e9union du gouvernement, en visioconf\u00e9rence, consacr\u00e9e \u00e0 l&rsquo;examen de projets de d\u00e9crets ex\u00e9cutifs et pr\u00e9sentation de communications concernant plusieurs secteurs d&rsquo;activit\u00e9, indique un communiqu\u00e9 des services du Premier ministre. Il s&rsquo;agit de l\u2019examen d\u2019un projet de d\u00e9cret ex\u00e9cutif relatif au secteur de l\u2019Enseignement sup\u00e9rieur et de [&hellip;]<\/p>\n","protected":false},"author":1742,"featured_media":0,"comment_status":"closed","ping_status":"closed","sticky":false,"template":"","format":"standard","meta":{"fifu_image_url":"","fifu_image_alt":"","footnotes":""},"categories":[73,53],"tags":[],"class_list":["post-84491","post","type-post","status-publish","format-standard","hentry","category-actualite","category-algerie"],"_links":{"self":[{"href":"https:\/\/linitiative.ca\/International\/wp-json\/wp\/v2\/posts\/84491","targetHints":{"allow":["GET"]}}],"collection":[{"href":"https:\/\/linitiative.ca\/International\/wp-json\/wp\/v2\/posts"}],"about":[{"href":"https:\/\/linitiative.ca\/International\/wp-json\/wp\/v2\/types\/post"}],"author":[{"embeddable":true,"href":"https:\/\/linitiative.ca\/International\/wp-json\/wp\/v2\/users\/1742"}],"replies":[{"embeddable":true,"href":"https:\/\/linitiative.ca\/International\/wp-json\/wp\/v2\/comments?post=84491"}],"version-history":[{"count":0,"href":"https:\/\/linitiative.ca\/International\/wp-json\/wp\/v2\/posts\/84491\/revisions"}],"wp:attachment":[{"href":"https:\/\/linitiative.ca\/International\/wp-json\/wp\/v2\/media?parent=84491"}],"wp:term":[{"taxonomy":"category","embeddable":true,"href":"https:\/\/linitiative.ca\/International\/wp-json\/wp\/v2\/categories?post=84491"},{"taxonomy":"post_tag","embeddable":true,"href":"https:\/\/linitiative.ca\/International\/wp-json\/wp\/v2\/tags?post=84491"}],"curies":[{"name":"wp","href":"https:\/\/api.w.org\/{rel}","templated":true}]}}