{"id":84493,"date":"2020-05-06T12:00:00","date_gmt":"2020-05-06T16:00:00","guid":{"rendered":"https:\/\/linitiative.ca\/International\/un-projet-de-taxis-aeriens-en-maturation-pour-desservir-les-hauts-plateaux\/"},"modified":"2020-05-06T12:00:00","modified_gmt":"2020-05-06T16:00:00","slug":"un-projet-de-taxis-aeriens-en-maturation-pour-desservir-les-hauts-plateaux","status":"publish","type":"post","link":"https:\/\/linitiative.ca\/International\/un-projet-de-taxis-aeriens-en-maturation-pour-desservir-les-hauts-plateaux\/","title":{"rendered":"Un projet de \u00abtaxis a\u00e9riens\u00bb en maturation pour desservir les hauts plateaux"},"content":{"rendered":"<div id=\"originalText\" readability=\"59\">\n<p>Un projet de lancement de petites entreprises pour appuyer le transport a\u00e9rien au niveau des hauts plateaux et du sud de l\u2019Alg\u00e9rie, a \u00e9t\u00e9 expos\u00e9, ce mercredi, par le ministre de la micro entreprise, des start-up et de l\u2019\u00e9conomie de la connaissance, en r\u00e9union du gouvernement, tenue par vid\u00e9o-conf\u00e9rence, et pr\u00e9sid\u00e9e par le Premier ministre Abdelaziz Djerad.\u00a0\u00a0<\/p>\n<p>Ce projet, qui \u00abs\u2019inscrit dans le cadre de la dynamisation de l\u2019action \u00e9conomique et sociale au niveau des r\u00e9gions des Hauts plateaux et du Sud\u00bb, a pour but de \u00abd\u00e9velopper le taxi a\u00e9rien par des avions l\u00e9gers de 6 \u00e0 11 places, \u00e0 un prix abordable via une plateforme digitale\u00bb, selon le communiqu\u00e9 qui a sanctionn\u00e9 la r\u00e9union, et r\u00e9percut\u00e9 par l\u2019APS.<\/p>\n<p>En \u00abs\u2019\u00e9talant sur la conception du projet et les modalit\u00e9s de sa concr\u00e9tisation ainsi que son impact sur l\u2019activit\u00e9 \u00e9conomique par la cr\u00e9ation des petites et moyennes entreprises\u00bb, le Premier ministre a mis en exergue \u00abla n\u00e9cessit\u00e9 d\u2019approfondir davantage l\u2019\u00e9tude de maturation de ce projet\u00bb, rapporte la m\u00eame source.<\/p>\n<p class=\"c6\"><strong>R\u00e9daction Web<\/strong><\/p>\n<\/div>\n<div id=\"text_core\" readability=\"59\">\n<p>Un projet de lancement de petites entreprises pour appuyer le transport a\u00e9rien au niveau des hauts plateaux et du sud de l\u2019Alg\u00e9rie, a \u00e9t\u00e9 expos\u00e9, ce mercredi, par le ministre de la micro entreprise, des start-up et de l\u2019\u00e9conomie de la connaissance, en r\u00e9union du gouvernement, tenue par vid\u00e9o-conf\u00e9rence, et pr\u00e9sid\u00e9e par le Premier ministre Abdelaziz Djerad.\u00a0\u00a0<\/p>\n<p>Ce projet, qui \u00abs\u2019inscrit dans le cadre de la dynamisation de l\u2019action \u00e9conomique et sociale au niveau des r\u00e9gions des Hauts plateaux et du Sud\u00bb, a pour but de \u00abd\u00e9velopper le taxi a\u00e9rien par des avions l\u00e9gers de 6 \u00e0 11 places, \u00e0 un prix abordable via une plateforme digitale\u00bb, selon le communiqu\u00e9 qui a sanctionn\u00e9 la r\u00e9union, et r\u00e9percut\u00e9 par l\u2019APS.<\/p>\n<p>En \u00abs\u2019\u00e9talant sur la conception du projet et les modalit\u00e9s de sa concr\u00e9tisation ainsi que son impact sur l\u2019activit\u00e9 \u00e9conomique par la cr\u00e9ation des petites et moyennes entreprises\u00bb, le Premier ministre a mis en exergue \u00abla n\u00e9cessit\u00e9 d\u2019approfondir davantage l\u2019\u00e9tude de maturation de ce projet\u00bb, rapporte la m\u00eame source.<\/p>\n<p class=\"c6\"><strong>R\u00e9daction Web<\/strong><\/p>\n<\/div>\n<p>Auteur:<br \/>\n<a href=\"https:\/\/www.liberte-algerie.com\/actualite\/un-projet-de-taxis-aeriens-en-maturation-pour-desservir-les-hauts-plateaux-338330\">Cliquez ici pour lire l&rsquo;article depuis sa source.<\/a><\/p>\n","protected":false},"excerpt":{"rendered":"<p>Un projet de lancement de petites entreprises pour appuyer le transport a\u00e9rien au niveau des hauts plateaux et du sud de l\u2019Alg\u00e9rie, a \u00e9t\u00e9 expos\u00e9, ce mercredi, par le ministre de la micro entreprise, des start-up et de l\u2019\u00e9conomie de la connaissance, en r\u00e9union du gouvernement, tenue par vid\u00e9o-conf\u00e9rence, et pr\u00e9sid\u00e9e par le Premier ministre [&hellip;]<\/p>\n","protected":false},"author":1742,"featured_media":0,"comment_status":"closed","ping_status":"closed","sticky":false,"template":"","format":"standard","meta":{"fifu_image_url":"","fifu_image_alt":"","footnotes":""},"categories":[73,53],"tags":[],"class_list":["post-84493","post","type-post","status-publish","format-standard","hentry","category-actualite","category-algerie"],"_links":{"self":[{"href":"https:\/\/linitiative.ca\/International\/wp-json\/wp\/v2\/posts\/84493","targetHints":{"allow":["GET"]}}],"collection":[{"href":"https:\/\/linitiative.ca\/International\/wp-json\/wp\/v2\/posts"}],"about":[{"href":"https:\/\/linitiative.ca\/International\/wp-json\/wp\/v2\/types\/post"}],"author":[{"embeddable":true,"href":"https:\/\/linitiative.ca\/International\/wp-json\/wp\/v2\/users\/1742"}],"replies":[{"embeddable":true,"href":"https:\/\/linitiative.ca\/International\/wp-json\/wp\/v2\/comments?post=84493"}],"version-history":[{"count":0,"href":"https:\/\/linitiative.ca\/International\/wp-json\/wp\/v2\/posts\/84493\/revisions"}],"wp:attachment":[{"href":"https:\/\/linitiative.ca\/International\/wp-json\/wp\/v2\/media?parent=84493"}],"wp:term":[{"taxonomy":"category","embeddable":true,"href":"https:\/\/linitiative.ca\/International\/wp-json\/wp\/v2\/categories?post=84493"},{"taxonomy":"post_tag","embeddable":true,"href":"https:\/\/linitiative.ca\/International\/wp-json\/wp\/v2\/tags?post=84493"}],"curies":[{"name":"wp","href":"https:\/\/api.w.org\/{rel}","templated":true}]}}