{"id":84494,"date":"2020-05-06T12:30:00","date_gmt":"2020-05-06T16:30:00","guid":{"rendered":"https:\/\/linitiative.ca\/International\/une-ecole-superieure-sera-creee-prochainement\/"},"modified":"2020-05-06T12:30:00","modified_gmt":"2020-05-06T16:30:00","slug":"une-ecole-superieure-sera-creee-prochainement","status":"publish","type":"post","link":"https:\/\/linitiative.ca\/International\/une-ecole-superieure-sera-creee-prochainement\/","title":{"rendered":"Une \u00e9cole sup\u00e9rieure sera cr\u00e9\u00e9e prochainement"},"content":{"rendered":"<div id=\"originalText\" readability=\"54\">\n<p>Une \u00e9cole sup\u00e9rieure en \u00e9nergies renouvelables, environnement et d\u00e9veloppement durable sera prochainement cr\u00e9\u00e9e en Alg\u00e9rie.<\/p>\n<p>En effet, un expos\u00e9 du ministre de l\u2019Enseignement sup\u00e9rieur et de la Recherche scientifique sur un projet de d\u00e9cret ex\u00e9cutif portant cr\u00e9ation d\u2019une \u00e9cole nationale sup\u00e9rieure en \u00e9nergies renouvelables a \u00e9t\u00e9 entendu, mercredi,\u00a0 en r\u00e9union du gouvernement, indique un communiqu\u00e9 des services du Premier ministre r\u00e9percut\u00e9 par l\u2019APS.\u00a0\u00a0<\/p>\n<p>\u00ab Cette \u00e9cole vient appuyer les dispositifs et les instruments n\u00e9cessaires \u00e0 la mise en \u0153uvre de la politique de transition \u00e9nerg\u00e9tique pr\u00e9vue par le plan d\u2019action du gouvernement \u00bb, pr\u00e9cise le communiqu\u00e9<\/p>\n<p>\u00a0L\u2019\u00e9cole nationale sup\u00e9rieure en \u00e9nergies renouvelables, environnement et d\u00e9veloppement durable a pour but \u00ab de d\u00e9velopper de nouvelles fili\u00e8res de formation en rapport avec la transition \u00e9nerg\u00e9tique et de participer aux activit\u00e9s de recherche et d\u2019innovation technologique en partenariat avec le secteur \u00e9conomique \u00bb.<\/p>\n<p class=\"c6\"><strong>Kenza Sifi<\/strong><\/p>\n<\/div>\n<div id=\"text_core\" readability=\"54\">\n<p>Une \u00e9cole sup\u00e9rieure en \u00e9nergies renouvelables, environnement et d\u00e9veloppement durable sera prochainement cr\u00e9\u00e9e en Alg\u00e9rie.<\/p>\n<p>En effet, un expos\u00e9 du ministre de l\u2019Enseignement sup\u00e9rieur et de la Recherche scientifique sur un projet de d\u00e9cret ex\u00e9cutif portant cr\u00e9ation d\u2019une \u00e9cole nationale sup\u00e9rieure en \u00e9nergies renouvelables a \u00e9t\u00e9 entendu, mercredi,\u00a0 en r\u00e9union du gouvernement, indique un communiqu\u00e9 des services du Premier ministre r\u00e9percut\u00e9 par l\u2019APS.\u00a0\u00a0<\/p>\n<p>\u00ab Cette \u00e9cole vient appuyer les dispositifs et les instruments n\u00e9cessaires \u00e0 la mise en \u0153uvre de la politique de transition \u00e9nerg\u00e9tique pr\u00e9vue par le plan d\u2019action du gouvernement \u00bb, pr\u00e9cise le communiqu\u00e9<\/p>\n<p>\u00a0L\u2019\u00e9cole nationale sup\u00e9rieure en \u00e9nergies renouvelables, environnement et d\u00e9veloppement durable a pour but \u00ab de d\u00e9velopper de nouvelles fili\u00e8res de formation en rapport avec la transition \u00e9nerg\u00e9tique et de participer aux activit\u00e9s de recherche et d\u2019innovation technologique en partenariat avec le secteur \u00e9conomique \u00bb.<\/p>\n<p class=\"c6\"><strong>Kenza Sifi<\/strong><\/p>\n<\/div>\n<p>Auteur:<br \/>\n<a href=\"https:\/\/www.liberte-algerie.com\/actualite\/une-ecole-superieure-sera-creee-prochainement-338337\">Cliquez ici pour lire l&rsquo;article depuis sa source.<\/a><\/p>\n","protected":false},"excerpt":{"rendered":"<p>Une \u00e9cole sup\u00e9rieure en \u00e9nergies renouvelables, environnement et d\u00e9veloppement durable sera prochainement cr\u00e9\u00e9e en Alg\u00e9rie. En effet, un expos\u00e9 du ministre de l\u2019Enseignement sup\u00e9rieur et de la Recherche scientifique sur un projet de d\u00e9cret ex\u00e9cutif portant cr\u00e9ation d\u2019une \u00e9cole nationale sup\u00e9rieure en \u00e9nergies renouvelables a \u00e9t\u00e9 entendu, mercredi,\u00a0 en r\u00e9union du gouvernement, indique un communiqu\u00e9 [&hellip;]<\/p>\n","protected":false},"author":1742,"featured_media":0,"comment_status":"closed","ping_status":"closed","sticky":false,"template":"","format":"standard","meta":{"fifu_image_url":"","fifu_image_alt":"","footnotes":""},"categories":[73,53],"tags":[],"class_list":["post-84494","post","type-post","status-publish","format-standard","hentry","category-actualite","category-algerie"],"_links":{"self":[{"href":"https:\/\/linitiative.ca\/International\/wp-json\/wp\/v2\/posts\/84494","targetHints":{"allow":["GET"]}}],"collection":[{"href":"https:\/\/linitiative.ca\/International\/wp-json\/wp\/v2\/posts"}],"about":[{"href":"https:\/\/linitiative.ca\/International\/wp-json\/wp\/v2\/types\/post"}],"author":[{"embeddable":true,"href":"https:\/\/linitiative.ca\/International\/wp-json\/wp\/v2\/users\/1742"}],"replies":[{"embeddable":true,"href":"https:\/\/linitiative.ca\/International\/wp-json\/wp\/v2\/comments?post=84494"}],"version-history":[{"count":0,"href":"https:\/\/linitiative.ca\/International\/wp-json\/wp\/v2\/posts\/84494\/revisions"}],"wp:attachment":[{"href":"https:\/\/linitiative.ca\/International\/wp-json\/wp\/v2\/media?parent=84494"}],"wp:term":[{"taxonomy":"category","embeddable":true,"href":"https:\/\/linitiative.ca\/International\/wp-json\/wp\/v2\/categories?post=84494"},{"taxonomy":"post_tag","embeddable":true,"href":"https:\/\/linitiative.ca\/International\/wp-json\/wp\/v2\/tags?post=84494"}],"curies":[{"name":"wp","href":"https:\/\/api.w.org\/{rel}","templated":true}]}}