{"id":84499,"date":"2020-05-06T11:50:19","date_gmt":"2020-05-06T15:50:19","guid":{"rendered":"https:\/\/linitiative.ca\/International\/50-nouvelles-remissions-a-marrakech-safi-638-au-total-drs\/"},"modified":"2020-05-06T11:50:19","modified_gmt":"2020-05-06T15:50:19","slug":"50-nouvelles-remissions-a-marrakech-safi-638-au-total-drs","status":"publish","type":"post","link":"https:\/\/linitiative.ca\/International\/50-nouvelles-remissions-a-marrakech-safi-638-au-total-drs\/","title":{"rendered":"50 nouvelles r\u00e9missions \u00e0 Marrakech-Safi, 638 au total (DRS)"},"content":{"rendered":"<div class=\"single-featured\"><img alt=\"\" data-src=\"http:\/\/www.mapmarrakech.ma\/map\/uploads\/2020\/05\/bilan-1-rak-copier.jpg\"\/><\/div>\n<div class=\"single-post-excerpt post-excerpt-bc\" readability=\"37\">\n<p>Marrakech \u2013 Un total de 50 nouvelles r\u00e9missions du Covid-19 ont \u00e9t\u00e9 enregistr\u00e9es au niveau de la r\u00e9gion de Marrakech-Safi, portant \u00e0 638 le nombre des personnes d\u00e9clar\u00e9es totalement gu\u00e9ries, jusqu\u2019\u00e0 mercredi \u00e0 10H00, dans la r\u00e9gion.<\/p>\n<\/div>\n<div class=\"entry-content clearfix single-post-content\" readability=\"64\">\n<p>Un nouveau bilan \u00e9tabli par la Direction R\u00e9gionale de la Sant\u00e9 (DRS) fait ressortir que 19 personnes ont \u00e9t\u00e9 d\u00e9clar\u00e9es d\u00e9finitivement r\u00e9tablies au niveau de la pr\u00e9fecture de Marrakech, 29 dans la province de Rehamna et 2 dans celle d\u2019Al Haouz, pr\u00e9cisant que le taux de gu\u00e9rison des cas enregistr\u00e9s depuis le d\u00e9clenchement de la pand\u00e9mie s\u2019\u00e9tablit \u00e0 58%.<\/p>\n<p>La m\u00eame source rel\u00e8ve que 12 nouveaux cas confirm\u00e9s ont \u00e9t\u00e9 d\u00e9tect\u00e9s, portant \u00e0 1.103 le nombre total des infections signal\u00e9es dans la r\u00e9gion depuis le d\u00e9clenchement de la pand\u00e9mie, dont 415 patients qui sont encore sous traitement.<\/p>\n<p>Et la DRS de pr\u00e9ciser que ces cas sous traitement dans les h\u00f4pitaux de la r\u00e9gion sont r\u00e9partis entre la pr\u00e9fecture de Marrakech (343) et les provinces de Rehmana (46), d\u2019Al Haouz (15), de Chichaoua (6) et d\u2019El Kel\u00e2a des Sraghna (5, transf\u00e9r\u00e9s de Rehamna).<\/p>\n<p>Le nombre des cas exclus apr\u00e8s des r\u00e9sultats n\u00e9gatifs d\u2019analyses effectu\u00e9es au laboratoire a atteint 4.604, alors que celui des d\u00e9c\u00e8s s\u2019\u00e9l\u00e8ve \u00e0 50, selon la m\u00eame source.<\/p>\n<p>Au niveau national, 163 cas suppl\u00e9mentaires d\u2019infection au Covid-19 ont \u00e9t\u00e9 confirm\u00e9s jusqu\u2019\u00e0 mercredi \u00e0 10h00, portant \u00e0 5.382 le nombre total des cas de contamination.<\/p>\n<p>Le nombre de cas gu\u00e9ris s\u2019\u00e9tablit \u00e0 1.969 avec 131 nouvelles gu\u00e9risons, alors que le nombre de d\u00e9c\u00e8s est pass\u00e9 \u00e0 182 cas.<\/p>\n<\/div>\n<p>Auteur: Meriem IGASS<br \/>\n<a href=\"http:\/\/www.mapmarrakech.ma\/fr\/50-nouvelles-remissions-a-marrakech-safi-638-au-total-drs\/\">Cliquez ici pour lire l&rsquo;article depuis sa source.<\/a><\/p>\n","protected":false},"excerpt":{"rendered":"<p>Marrakech \u2013 Un total de 50 nouvelles r\u00e9missions du Covid-19 ont \u00e9t\u00e9 enregistr\u00e9es au niveau de la r\u00e9gion de Marrakech-Safi, portant \u00e0 638 le nombre des personnes d\u00e9clar\u00e9es totalement gu\u00e9ries, jusqu\u2019\u00e0 mercredi \u00e0 10H00, dans la r\u00e9gion. Un nouveau bilan \u00e9tabli par la Direction R\u00e9gionale de la Sant\u00e9 (DRS) fait ressortir que 19 personnes ont [&hellip;]<\/p>\n","protected":false},"author":1788,"featured_media":84500,"comment_status":"closed","ping_status":"closed","sticky":false,"template":"","format":"standard","meta":{"fifu_image_url":"","fifu_image_alt":"","footnotes":""},"categories":[54,76],"tags":[],"class_list":["post-84499","post","type-post","status-publish","format-standard","has-post-thumbnail","hentry","category-maroc","category-regions"],"_links":{"self":[{"href":"https:\/\/linitiative.ca\/International\/wp-json\/wp\/v2\/posts\/84499","targetHints":{"allow":["GET"]}}],"collection":[{"href":"https:\/\/linitiative.ca\/International\/wp-json\/wp\/v2\/posts"}],"about":[{"href":"https:\/\/linitiative.ca\/International\/wp-json\/wp\/v2\/types\/post"}],"author":[{"embeddable":true,"href":"https:\/\/linitiative.ca\/International\/wp-json\/wp\/v2\/users\/1788"}],"replies":[{"embeddable":true,"href":"https:\/\/linitiative.ca\/International\/wp-json\/wp\/v2\/comments?post=84499"}],"version-history":[{"count":0,"href":"https:\/\/linitiative.ca\/International\/wp-json\/wp\/v2\/posts\/84499\/revisions"}],"wp:featuredmedia":[{"embeddable":true,"href":"https:\/\/linitiative.ca\/International\/wp-json\/"}],"wp:attachment":[{"href":"https:\/\/linitiative.ca\/International\/wp-json\/wp\/v2\/media?parent=84499"}],"wp:term":[{"taxonomy":"category","embeddable":true,"href":"https:\/\/linitiative.ca\/International\/wp-json\/wp\/v2\/categories?post=84499"},{"taxonomy":"post_tag","embeddable":true,"href":"https:\/\/linitiative.ca\/International\/wp-json\/wp\/v2\/tags?post=84499"}],"curies":[{"name":"wp","href":"https:\/\/api.w.org\/{rel}","templated":true}]}}