{"id":84503,"date":"2020-05-06T03:16:03","date_gmt":"2020-05-06T07:16:03","guid":{"rendered":"https:\/\/linitiative.ca\/International\/la-distribution-des-logements-apres-le-deconfinement-se-fera-a-partir-de-blida\/"},"modified":"2020-05-06T03:16:03","modified_gmt":"2020-05-06T07:16:03","slug":"la-distribution-des-logements-apres-le-deconfinement-se-fera-a-partir-de-blida","status":"publish","type":"post","link":"https:\/\/linitiative.ca\/International\/la-distribution-des-logements-apres-le-deconfinement-se-fera-a-partir-de-blida\/","title":{"rendered":"La distribution des logements apr\u00e8s le d\u00e9confinement se fera \u00e0 partir de Blida"},"content":{"rendered":"<div readability=\"37\">\n<p><strong>BLIDA &#8211; Le ministre de l&rsquo;Habitat, de l&rsquo;Urbanisme et de la Ville, Kamel Nasri, a indiqu\u00e9 mardi que l&rsquo;op\u00e9ration de distribution des logements apr\u00e8s le d\u00e9confinement se fera \u00e0 partir de Blida \u00ab\u00a0en reconnaissance\u00a0\u00bb de tout ce qu\u2019elle a subi durant la crise sanitaire du Covid-19.<\/strong><\/p>\n<\/div>\n<div readability=\"90\">\n<p>\u00ab\u00a0Nous avons pens\u00e9 \u00e0 proc\u00e9der, apr\u00e8s la fin de la crise sanitaire, \u00e0 la premi\u00e8re distribution de logements dans la wilaya de Blida en guise de reconnaissance par l&rsquo;Alg\u00e9rie, peuple et Gouvernement, du courage des Blid\u00e9ens et des efforts fournis par les responsables de cette ville\u00a0\u00bb, a d\u00e9clar\u00e9 M. Nasri \u00e0 la presse, en marge d&rsquo;une visite d&rsquo;inspection dans cette wilaya.<\/p>\n<p>\u00ab\u00a0Nous esp\u00e9rons voir la fin de cette pand\u00e9mie pour partager la joie des Blid\u00e9ens qui attendent leurs logements avec impatience\u00a0\u00bb, a indiqu\u00e9 le ministre.<\/p>\n<p>Faisant \u00e9tat de l&rsquo;existence d&rsquo;un foncier dans la wilaya de Blida suffisant pour la r\u00e9alisation de 8000 unit\u00e9s dans le futur, le ministre a tenu \u00e0 f\u00e9liciter le wali et son \u00e9quipe qui ont pu d\u00e9gager cette superficie, sachant la raret\u00e9 du foncier \u00e0 Blida\u00a0\u00bb.<\/p>\n<blockquote readability=\"11\">\n<p><em><strong>\u00ab\u00a0Le manque de fonciers se pose dans de nombreuse wilayas, d&rsquo;autant que nous ne permettons pas de construction sur les terres agricoles\u00a0\u00bb, a soulign\u00e9 M. Nasri, pr\u00e9cisant que \u00ab\u00a0c&rsquo;est la raison pour laquelle nous cherchons des superficies loin des terres agricoles et la wilaya de Blida a r\u00e9ussi \u00e0 d\u00e9gager une assiette pour la r\u00e9alisation de 8000 nouveaux logements\u00a0\u00bb.<\/strong><\/em><\/p>\n<\/blockquote>\n<p>Le ministre a fait \u00e9tat de l\u2019existence d\u2019une autre proposition relative \u00e0 \u00ab\u00a0la modification de certains plans urbains, notamment celui d\u2019El Affroun (Ouest), apr\u00e8s qu\u2019un dysfonctionnement ait \u00e9t\u00e9 relev\u00e9 par l\u2019\u00e9quipe technique de la wilaya\u00a0\u00bb.<\/p>\n<p>\u00ab\u00a0Nous prendrons en compte cette proposition qui nous permettra de trouver un nouveau foncier pour construire, \u00e0 l\u2019avenir, des programmes de logements suppl\u00e9mentaires \u00e0 Blida\u00a0\u00bb, a-t-il assur\u00e9.<\/p>\n<p>Concernant le probl\u00e8me des r\u00e9seaux \u00e9lectricit\u00e9, gaz et autres dont p\u00e2tissaient certains programmes de logement en cours de r\u00e9alisation dans la ville nouvelle de Bouinan, notamment le projet de r\u00e9alisation de 4.500 logements, M. Nasri a indiqu\u00e9: \u00ab\u00a0Nous avons pris acte des pr\u00e9occupations des citoyens et avons trouv\u00e9 avec le ministre de l\u2019Energie la solution et nous sommes venus, aujourd\u2019hui, pour arr\u00eater une date pour la r\u00e9ception des projets, avec r\u00e9alisation de tous les r\u00e9seaux, laquelle sera en septembre prochain\u00a0\u00bb.<\/p>\n<blockquote readability=\"13\">\n<p><em><strong>Le ministre de l\u2019Habitat qui \u00e9tait accompagn\u00e9 du ministre de l\u2019Energie, Mohamed Arkab et du ministre des Ressources en eaux, Arezki Berraki, a tenu une r\u00e9union de travail avec le wali de la wilaya et nombre de directeurs ex\u00e9cutifs, lors de laquelle, il a pris connaissance des difficult\u00e9s rencontr\u00e9es sur le terrain.<\/strong><\/em><\/p>\n<\/blockquote>\n<p>Il a \u00e9mis quelques observations sur les expos\u00e9s qui lui ont \u00e9t\u00e9 pr\u00e9sent\u00e9s, notamment en ce qui a trait aux projets de logements en cours de r\u00e9alisation dans la ville nouvelle de Bouinan et au p\u00f4le urbain de Safsaf \u00e0 Meftah, \u00e0 l\u2019extr\u00eame est de la wilaya.<\/p>\n<\/div>\n<p>Auteur:<br \/>\n<a href=\"http:\/\/www.aps.dz\/regions\/104738-la-distribution-des-logements-apres-le-deconfinement-se-fera-a-partir-de-blida\">Cliquez ici pour lire l&rsquo;article depuis sa source.<\/a><\/p>\n","protected":false},"excerpt":{"rendered":"<p>BLIDA &#8211; Le ministre de l&rsquo;Habitat, de l&rsquo;Urbanisme et de la Ville, Kamel Nasri, a indiqu\u00e9 mardi que l&rsquo;op\u00e9ration de distribution des logements apr\u00e8s le d\u00e9confinement se fera \u00e0 partir de Blida \u00ab\u00a0en reconnaissance\u00a0\u00bb de tout ce qu\u2019elle a subi durant la crise sanitaire du Covid-19. \u00ab\u00a0Nous avons pens\u00e9 \u00e0 proc\u00e9der, apr\u00e8s la fin de [&hellip;]<\/p>\n","protected":false},"author":1790,"featured_media":0,"comment_status":"closed","ping_status":"closed","sticky":false,"template":"","format":"standard","meta":{"fifu_image_url":"","fifu_image_alt":"","footnotes":""},"categories":[53,76],"tags":[],"class_list":["post-84503","post","type-post","status-publish","format-standard","hentry","category-algerie","category-regions"],"_links":{"self":[{"href":"https:\/\/linitiative.ca\/International\/wp-json\/wp\/v2\/posts\/84503","targetHints":{"allow":["GET"]}}],"collection":[{"href":"https:\/\/linitiative.ca\/International\/wp-json\/wp\/v2\/posts"}],"about":[{"href":"https:\/\/linitiative.ca\/International\/wp-json\/wp\/v2\/types\/post"}],"author":[{"embeddable":true,"href":"https:\/\/linitiative.ca\/International\/wp-json\/wp\/v2\/users\/1790"}],"replies":[{"embeddable":true,"href":"https:\/\/linitiative.ca\/International\/wp-json\/wp\/v2\/comments?post=84503"}],"version-history":[{"count":0,"href":"https:\/\/linitiative.ca\/International\/wp-json\/wp\/v2\/posts\/84503\/revisions"}],"wp:attachment":[{"href":"https:\/\/linitiative.ca\/International\/wp-json\/wp\/v2\/media?parent=84503"}],"wp:term":[{"taxonomy":"category","embeddable":true,"href":"https:\/\/linitiative.ca\/International\/wp-json\/wp\/v2\/categories?post=84503"},{"taxonomy":"post_tag","embeddable":true,"href":"https:\/\/linitiative.ca\/International\/wp-json\/wp\/v2\/tags?post=84503"}],"curies":[{"name":"wp","href":"https:\/\/api.w.org\/{rel}","templated":true}]}}