{"id":84506,"date":"2020-05-06T09:46:25","date_gmt":"2020-05-06T13:46:25","guid":{"rendered":"https:\/\/linitiative.ca\/International\/confinement-a-oran-des-ecoles-privees-optent-pour-le-e-learning\/"},"modified":"2020-05-06T09:46:25","modified_gmt":"2020-05-06T13:46:25","slug":"confinement-a-oran-des-ecoles-privees-optent-pour-le-e-learning","status":"publish","type":"post","link":"https:\/\/linitiative.ca\/International\/confinement-a-oran-des-ecoles-privees-optent-pour-le-e-learning\/","title":{"rendered":"Confinement \u00e0 Oran: des \u00e9coles priv\u00e9es optent pour le e-learning"},"content":{"rendered":"<div readability=\"36\">\n<p><strong>ORAN &#8211; Des \u00e9coles priv\u00e9es d&rsquo;Oran se sont tourn\u00e9es vers le e-learning (cours \u00e0 distance) pour continuer \u00e0 suivre leurs \u00e9l\u00e8ves et diriger leur progression \u00e0 travers des plateformes num\u00e9riques d&rsquo;apprentissage des cours, suspendus suite \u00e0 la fermeture des \u00e9tablissements scolaires par les autorit\u00e9s pour faire face \u00e0 la propagation du coronavirus (Covid-19).<\/strong><\/p>\n<\/div>\n<div readability=\"135.69458128079\">\n<p>D\u00e8s l&rsquo;annonce du dispositif adopt\u00e9 par le minist\u00e8re de l&rsquo;Education nationale, les \u00e9coles priv\u00e9es d&rsquo;Oran ont relev\u00e9 le d\u00e9fi pour permettre \u00e0 leurs \u00e9l\u00e8ves de pr\u00e9parer ais\u00e9ment les examens de fin d&rsquo;ann\u00e9e, \u00e0 l&rsquo;image d&rsquo;un groupe scolaire compos\u00e9 d&rsquo;une \u00e9cole primaire, d&rsquo;un CEM et d&rsquo;un lyc\u00e9e, sis \u00e0 Ha\u00ef El Menzah.<\/p>\n<p>Le propri\u00e9taire du groupe scolaire, M. Hammamouche a indiqu\u00e9 qu&rsquo;une convention a \u00e9t\u00e9 sign\u00e9e avec une chaine de t\u00e9l\u00e9vision priv\u00e9e pour la diffusion des cours, ajoutant que toute une logistique a \u00e9t\u00e9 mise en place et une plateforme multim\u00e9dia fonctionnelle a \u00e9t\u00e9 lanc\u00e9e.<\/p>\n<hr\/>\n<h3>Lire aussi:\u00a0<a href=\"http:\/\/www.aps.dz\/algerie\/104494-covid-19-prolongation-de-la-suspension-des-cours-au-14-mai\" target=\"_blank\" rel=\"noopener noreferrer\">Covid-19: prolongation de la suspension des cours au 14 mai<\/a><\/h3>\n<hr\/>\n<p>Les \u00e9l\u00e8ves des classes d&rsquo;examen suivent normalement leurs cours sur cette cha\u00eene, alors que les autres niveaux suivent les cours du programme national sur la chaine YouTube de l&rsquo;\u00e9cole, a-t-il pr\u00e9cis\u00e9, expliquant que \u00ab\u00a0les \u00e9l\u00e8ves re\u00e7oivent des devoirs \u00e0 faire et peuvent contacter leurs enseignants par mail pour demander des explications des cours\u00a0\u00bb.<\/p>\n<p>Et de poursuivre : \u00ab\u00a0D\u00e8s les premiers jours, les \u00e9l\u00e8ves suivent avec assiduit\u00e9 les cours et sont m\u00eame tr\u00e8s int\u00e9ress\u00e9s. Nous avons tenu \u00e0 ce qu&rsquo;ils re\u00e7oivent un enseignement d&rsquo;une ann\u00e9e scolaire compl\u00e8te, soit des trois trimestres\u00a0\u00bb.<\/p>\n<p class=\"c30\"><strong>Parents et \u00e9l\u00e8ves satisfaits<\/strong><\/p>\n<p>De leur c\u00f4t\u00e9, les parents semblent avoir totalement adh\u00e9r\u00e9s \u00e0 cette m\u00e9thode d&rsquo;enseignement \u00e0 distance via la t\u00e9l\u00e9vision ou Internet, notamment pour les classes d&rsquo;examen, qui est, de leur avis, \u00ab\u00a0une bonne opportunit\u00e9 pour leurs enfants\u00a0\u00bb.<\/p>\n<p>\u00ab\u00a0Mes deux enfants pr\u00e9parent le Bac et le BEM. Ils suivent les cours \u00e0 la t\u00e9l\u00e9vision et sont constamment en contact par t\u00e9l\u00e9phone ou par e-mail avec leurs professeurs et leurs camarades\u00a0\u00bb, a d\u00e9clar\u00e9 Fa\u00efza, une parente d&rsquo;\u00e9l\u00e8ves de l&rsquo;\u00e9cole priv\u00e9e.<\/p>\n<p>\u00ab\u00a0Mes enfants sont confin\u00e9s \u00e0 la maison. Je ne leur impose pas de r\u00e9viser leurs cours durant toute la journ\u00e9e, car je sais qu&rsquo;avec le confinement ils s&rsquo;ennuient et n&rsquo;arrivent parfois pas \u00e0 se concentrer\u00a0\u00bb, a-t-elle ajout\u00e9.<\/p>\n<hr\/>\n<h3>Lire aussi:\u00a0<a href=\"http:\/\/www.aps.dz\/algerie\/104485-education-les-rencontres-avec-les-partenaires-sociaux-aboutiront-a-des-resultats-satisfaisants\" target=\"_blank\" rel=\"noopener noreferrer\">Education: les rencontres avec les partenaires sociaux aboutiront \u00e0 des r\u00e9sultats satisfaisants<\/a><\/h3>\n<hr\/>\n<p>Pour sa part, Azziz, p\u00e8re de deux lyc\u00e9ens en premi\u00e8re et deuxi\u00e8me ann\u00e9e, tient \u00e0 ce que son fils et sa fille suivent les cours diffus\u00e9s sur YouTube. \u00ab\u00a0J&rsquo;essaye de suivre mes enfants et les aider surtout lorsqu&rsquo;ils re\u00e7oivent des devoirs par e-mail et qu&rsquo;ils doivent les rendre \u00e0 leurs professeurs\u00a0\u00bb, a-t-il pr\u00e9cis\u00e9.<\/p>\n<blockquote readability=\"10\">\n<p><em><strong>\u00ab\u00a0Le syst\u00e8me &lsquo;e-learning&rsquo; est tr\u00e8s int\u00e9ressant puisqu&rsquo;il permet aux \u00e9l\u00e8ves de travailler chez eux dans de bonnes conditions\u00a0\u00bb, a ajout\u00e9 le parent d&rsquo;\u00e9l\u00e8ve, notant n\u00e9anmoins que les jeunes de leur \u00e2ge ont besoin de sortir au grand air, de rencontrer leurs amis et de pratiquer un sport.<\/strong><\/em><\/p>\n<\/blockquote>\n<p>De nombreux \u00e9l\u00e8ves des \u00e9coles priv\u00e9es, notamment ceux des classes d&rsquo;examen, ont indiqu\u00e9 suivre \u00e9galement des cours via la t\u00e9l\u00e9vision.<\/p>\n<p class=\"c30\"><strong>Le e-learning pour d\u00e9velopper le syst\u00e8me \u00e9ducatif<\/strong><\/p>\n<p>L&rsquo;enseignement en ligne semblant faire ses preuves, des parents d&rsquo;\u00e9l\u00e8ves, des professeurs ainsi que des syndicalistes voient dans cette m\u00e9thode une opportunit\u00e9 pour d\u00e9velopper le secteur de l&rsquo;\u00e9ducation nationale apr\u00e8s la lev\u00e9e du confinement.<\/p>\n<p>L&rsquo;objectif principal est d&rsquo;am\u00e9liorer le niveau des \u00e9l\u00e8ves et lutter efficacement contre le ph\u00e9nom\u00e8ne des cours particuliers, qui saignent les budgets des familles d&rsquo;\u00e9l\u00e8ves, notamment des classes d&rsquo;examens.<\/p>\n<p>Pour un parent d&rsquo;\u00e9l\u00e8ve, \u00ab\u00a0le e-learning, tel qui l&rsquo;est appliqu\u00e9 actuellement en cette p\u00e9riode de confinement, ne co\u00fbte que le prix de la connexion internet, soit une moyenne de 1.000 DA par mois selon le forfait\u00a0\u00bb.<\/p>\n<blockquote readability=\"10\">\n<p><em><strong>\u00ab\u00a0Cette m\u00e9thode ne demande pas de grands moyens. L&rsquo;occasion peut \u00eatre saisie pour d\u00e9velopper un enseignement \u00e0 distance totalement num\u00e9ris\u00e9. Ainsi, les \u00e9coles priv\u00e9es et le Centre national d&rsquo;enseignement \u00e0 distance (CNED) pourront mettre en place un r\u00e9seau d&rsquo;enseignement tr\u00e8s performant\u00a0\u00bb, a-t-il ajout\u00e9.<\/strong><\/em><\/p>\n<\/blockquote>\n<hr\/>\n<h3>Lire aussi:\u00a0<a href=\"http:\/\/www.aps.dz\/sante-science-technologie\/104194-acces-libre-aux-plateformes-numeriques-d-enseignement-pour-les-eleves-et-etudiants-raccordes-aux-differents-reseaux\" target=\"_blank\" rel=\"noopener noreferrer\">Acc\u00e8s libre aux plateformes num\u00e9riques d\u2019enseignement pour les \u00e9l\u00e8ves et \u00e9tudiants raccord\u00e9s aux diff\u00e9rents r\u00e9seaux<\/a><\/h3>\n<hr\/>\n<p>Pour le propri\u00e9taire du groupe scolaire, l&rsquo;id\u00e9e d&rsquo;aller vers le e-learning et de d\u00e9velopper ce syst\u00e8me existe, mais les moyens humains n\u00e9cessaires peuvent faire d\u00e9faut.<\/p>\n<p>\u00ab\u00a0Avec le confinement, nos professeurs sont disponibles pour l&rsquo;enregistrement vid\u00e9o des cours, mais avec la reprise des \u00e9tudes \u00e7a ne sera plus le cas\u00a0\u00bb, a-t-il poursuivi.<\/p>\n<p>Pour d\u00e9velopper ce type d&rsquo;enseignement, les sp\u00e9cialistes estiment \u00e9galement indispensable de trouver les ressources humaines n\u00e9cessaires &#8211; des professeurs comp\u00e9tents &#8211; pour faire animer et g\u00e9rer le syst\u00e8me et une plateforme num\u00e9rique performante, et de r\u00e9gler la question de la faiblesse du d\u00e9bit d&rsquo;Internet. Les moyens mat\u00e9riels et les budgets \u00e0 eux seuls ne sont pas suffisants, estiment-ils.<\/p>\n<\/div>\n<p>Auteur:<br \/>\n<a href=\"http:\/\/www.aps.dz\/regions\/104761-confinement-a-oran-des-ecoles-privees-optent-pour-le-e-learning\">Cliquez ici pour lire l&rsquo;article depuis sa source.<\/a><\/p>\n","protected":false},"excerpt":{"rendered":"<p>ORAN &#8211; Des \u00e9coles priv\u00e9es d&rsquo;Oran se sont tourn\u00e9es vers le e-learning (cours \u00e0 distance) pour continuer \u00e0 suivre leurs \u00e9l\u00e8ves et diriger leur progression \u00e0 travers des plateformes num\u00e9riques d&rsquo;apprentissage des cours, suspendus suite \u00e0 la fermeture des \u00e9tablissements scolaires par les autorit\u00e9s pour faire face \u00e0 la propagation du coronavirus (Covid-19). D\u00e8s l&rsquo;annonce [&hellip;]<\/p>\n","protected":false},"author":1790,"featured_media":0,"comment_status":"closed","ping_status":"closed","sticky":false,"template":"","format":"standard","meta":{"fifu_image_url":"","fifu_image_alt":"","footnotes":""},"categories":[53,76],"tags":[],"class_list":["post-84506","post","type-post","status-publish","format-standard","hentry","category-algerie","category-regions"],"_links":{"self":[{"href":"https:\/\/linitiative.ca\/International\/wp-json\/wp\/v2\/posts\/84506","targetHints":{"allow":["GET"]}}],"collection":[{"href":"https:\/\/linitiative.ca\/International\/wp-json\/wp\/v2\/posts"}],"about":[{"href":"https:\/\/linitiative.ca\/International\/wp-json\/wp\/v2\/types\/post"}],"author":[{"embeddable":true,"href":"https:\/\/linitiative.ca\/International\/wp-json\/wp\/v2\/users\/1790"}],"replies":[{"embeddable":true,"href":"https:\/\/linitiative.ca\/International\/wp-json\/wp\/v2\/comments?post=84506"}],"version-history":[{"count":0,"href":"https:\/\/linitiative.ca\/International\/wp-json\/wp\/v2\/posts\/84506\/revisions"}],"wp:attachment":[{"href":"https:\/\/linitiative.ca\/International\/wp-json\/wp\/v2\/media?parent=84506"}],"wp:term":[{"taxonomy":"category","embeddable":true,"href":"https:\/\/linitiative.ca\/International\/wp-json\/wp\/v2\/categories?post=84506"},{"taxonomy":"post_tag","embeddable":true,"href":"https:\/\/linitiative.ca\/International\/wp-json\/wp\/v2\/tags?post=84506"}],"curies":[{"name":"wp","href":"https:\/\/api.w.org\/{rel}","templated":true}]}}