{"id":84507,"date":"2020-05-06T13:11:14","date_gmt":"2020-05-06T17:11:14","guid":{"rendered":"https:\/\/linitiative.ca\/International\/massacres-du-8-mai-1945-a-guelma-des-femmes-eventrees-et-leur-chair-brulee\/"},"modified":"2020-05-06T13:11:14","modified_gmt":"2020-05-06T17:11:14","slug":"massacres-du-8-mai-1945-a-guelma-des-femmes-eventrees-et-leur-chair-brulee","status":"publish","type":"post","link":"https:\/\/linitiative.ca\/International\/massacres-du-8-mai-1945-a-guelma-des-femmes-eventrees-et-leur-chair-brulee\/","title":{"rendered":"Massacres du 8 mai 1945 \u00e0 Guelma : Des femmes \u00e9ventr\u00e9es et leur chair br\u00fbl\u00e9e"},"content":{"rendered":"<p>Soixante-quinze ans (75ans) apr\u00e8s ces douloureux \u00e9v\u00e8nements, alors qu\u2019il devait avoir \u00e0 l\u2019\u00e9poque entre 14 et 15 ans, Ahmed Cherif Chouheib, ce natif de 1930 qui habitait avec sa famille dans le douar Bouzitoune pr\u00e8s du centre-ville, a confi\u00e9 \u00e0 l\u2019APS, le souvenir encore vivace de la cruaut\u00e9 et la barbarie du colonisateur fran\u00e7ais.<\/p>\n<p>Il se souvient encore de l\u2019instant o\u00f9 les Fran\u00e7ais ont attaqu\u00e9 le douar et extermin\u00e9 tous ceux qu&rsquo;ils ont trouv\u00e9 sur leur passage, n\u2019\u00e9pargnant personne, ni grand, ni petit, ni homme, ni femme, contraignant sa famille \u00e0 fuir dans la r\u00e9gion de Ain El Sayd avant de se r\u00e9fugier d\u00e9finitivement dans les montagnes des Houara.<\/p>\n<blockquote readability=\"14\">\n<p><em><strong>Hassan Lakhel a fait \u00e9tat, pour sa part, d\u2019un t\u00e9moignage \u00e9crit laiss\u00e9 par son p\u00e8re Mabrouk, un moudjahid d\u00e9c\u00e9d\u00e9 alors qu\u2019il n\u2019avait que 28 ans, dans lequel il avait relat\u00e9 \u00ab\u00a0les jours difficiles ayant suivi le 8 mai 1945, les d\u00e9tentions et les ex\u00e9cutions commises par les Fran\u00e7ais, notamment en \u00e9ventrant 14 femmes de la r\u00e9gion dans la m\u00eame nuit\u00a0\u00bb.<\/strong><\/em><\/p>\n<\/blockquote>\n<p>Il avait \u00e9galement mentionn\u00e9 le cas des familles, vivant dans les lieux isol\u00e9s, sauvagement ex\u00e9cut\u00e9es, tandis que les avions bombardaient les mechtas et les douars de la r\u00e9gion d\u2019H\u00e9liopolis et Hammam Ouled Ali.<\/p>\n<p>Un t\u00e9moignage concordant avec les propos rapport\u00e9s par la famille Benharoun au sujet de l\u2019ex\u00e9cution abjecte par les Fran\u00e7ais de plus de 20 femmes de cette famille lors d\u2019une f\u00eate familiale dans le douar Boukerkar, situ\u00e9 entre H\u00e9liopolis et Boumahra Ahmed, o\u00f9 la joie s&rsquo;est transform\u00e9e en drame humain, et dont les d\u00e9tails sont rest\u00e9s ancr\u00e9s dans la m\u00e9moire collective.<\/p>\n<p>Originaire de la m\u00eame r\u00e9gion, Aissa Bouthelja, n\u00e9 en 1931, n\u2019a jamais pu lui aussi se d\u00e9faire du souvenir de ces tragiques \u00e9v\u00e9nements, grav\u00e9s jusqu\u2019\u00e0 pr\u00e9sent dans son esprit depuis l\u2019\u00e2ge de 14 ans.<\/p>\n<blockquote readability=\"19\">\n<p><em><strong>Selon Boutheldja, les habitants de la r\u00e9gion avaient aussi senti, \u00e0 l\u2019\u00e9poque, l\u2019odeur de la chair calcin\u00e9e, celle des nombreux citoyens des r\u00e9gions isol\u00e9es, dont les corps ont \u00e9t\u00e9 br\u00fbl\u00e9s dans un four \u00e0 chaux, dans une ferme appartenant \u00e0 un colon.<\/strong><\/em><\/p>\n<p><em><strong>Il se souvient \u00e9galement de la gendarmerie fran\u00e7aise et les miliciens, propri\u00e9taires des fermes, qui arrachaient les hommes et les femmes alg\u00e9riens de leurs maisons et les emmenaient dans des camions dans un lieu appel\u00e9 Kef El Boumba pour les ex\u00e9cuter et br\u00fbler leur d\u00e9pouilles.<\/strong><\/em><\/p>\n<\/blockquote>\n<p>Dans ce m\u00eame contexte, Aissa Bouthelja a \u00e9voqu\u00e9 une sc\u00e8ne qui ne le quitte plus, \u00e0 savoir ce moment o\u00f9 l\u2019un des membres de la famille Bouarour allait \u00eatre ex\u00e9cut\u00e9, quand son fr\u00e8re Allaoua l\u2019a sauv\u00e9 d\u2019une mort certaine en leur demandant : \u00ab\u00a0Prenez-moi \u00e0 sa place, il a des enfants, mais moi je ne suis pas mari\u00e9. Ils l&rsquo;ont alors pris avec eux et l&rsquo;ont tu\u00e9 \u00e0 la place de son fr\u00e8re\u00a0\u00bb.<\/p>\n<p><strong>\u00a0<\/strong><\/p>\n<p><strong>&#8212; Nafissa, enceinte, ex\u00e9cut\u00e9e et le ventre cribl\u00e9 de balles &#8212;<\/strong><\/p>\n<p>L&rsquo;histoire de Nafissa Kateb, fait partie des plus abominables massacres perp\u00e9tr\u00e9s par les milices fran\u00e7aises \u00e0 cette \u00e9poque, selon un t\u00e9moignage pr\u00e9c\u00e9demment recueilli par l\u2019APS, aupr\u00e8s du moudjahid Saci Benhamla, quelques jours avant sa mort en 2013.<\/p>\n<p>La d\u00e9funte, enceinte \u00e0 l\u2019\u00e9poque de six mois, a vu son mari Mohamed et son fils Brahim, \u00e2g\u00e9 de 12 ans, tu\u00e9s sous ses yeux par les Fran\u00e7ais sur le petit pont de la commune de Belkheir (2 km \u00e0 l&rsquo;Est de la ville de Guelma), avant d\u2019\u00eatre ex\u00e9cut\u00e9e \u00e0 son tour et son ventre cribl\u00e9 de balles, tandis que le reste des membres de la famille ont \u00e9t\u00e9 br\u00fbl\u00e9s dans un four \u00e0 chaux \u00e0 H\u00e9liopolis.<\/p>\n<blockquote readability=\"11\">\n<p><em><strong>De leur c\u00f4t\u00e9 des membres de l&rsquo;association du 8 mai 1945 de Guelma, ont fait part \u00e9galement de nombreuses r\u00e9cits li\u00e9s \u00e0 ces \u00e9v\u00e9nements sanglants et douloureux, notamment l\u2019ex\u00e9cution inf\u00e2me de Zohra par des milices fran\u00e7aises qui ont d\u00e9coup\u00e9 son corps sous les yeux de ses deux fr\u00e8res Mohamed et Hafidh, avant de la transporter \u00e0 Guelma et br\u00fbler sa d\u00e9pouille dans le four.<\/strong><\/em><\/p>\n<\/blockquote>\n<p>Quant \u00e0 la ferme Benyekhlef, qui se dresse \u00e0 l&rsquo;entr\u00e9e de la commune de Khezara, elle a \u00e9t\u00e9 le th\u00e9\u00e2tre de l\u2019ex\u00e9cution collective du propri\u00e9taire de la ferme et sa famille, soit 20 personnes au total, pour la plupart des femmes, des enfants et des personnes \u00e2g\u00e9es, victimes de la barbarie des gendarmes fran\u00e7ais et leurs collaborateurs.<\/p>\n<p>De nombreux autres massacres de femmes et d&rsquo;enfants ont \u00e9t\u00e9 commis par le colonisateur fran\u00e7ais durant cette p\u00e9riode, mais aussi contre de jeunes militants du mouvement national en qu\u00eate d\u2019ind\u00e9pendance de l&rsquo;Alg\u00e9rie, faisant l\u2019objet d&rsquo;ex\u00e9cution collective par armes \u00e0 feu ou guillotine, dans l&rsquo;ancienne caserne du centre-ville de Guelma.<\/p>\n<p>Il s\u2019agit d\u2019un groupe de jeunes ayant particip\u00e9 \u00e0 la marche, \u00e0 savoir Belazoug Said et les fr\u00e8res Abdou Ali et Smaine, Bensouilah Abdelkrim et Douaouria Mohamed, en plus de Ouartsi Ammar et Mabrouk, Chorfi Messaoud et Oumerzouk Mohand Ameziane.<\/p>\n<p>Au fil des ans, la plupart des t\u00e9moins ayant v\u00e9cu ces massacres sont d\u00e9c\u00e9d\u00e9s, mais le souvenir de cette trag\u00e9die est encore profond\u00e9ment enfouie dans la m\u00e9moire de Abdellah Yelles, 95 ans, l\u2019un des survivants, actuellement malade et affaibli par l\u2019\u00e2ge.<\/p>\n<blockquote readability=\"11\">\n<p><em><strong>Membre fondateur de l\u2019association du 8 mai 1945 et son pr\u00e9sident d\u2019honneur, il est l\u2019un des premi\u00e8res victimes des odieux massacres du colonisateur, qui lui ont co\u00fbt\u00e9 une blessure \u00e0 la jambe alors qu\u2019il participait \u00e0 la marche co\u00efncidant avec la tenue du march\u00e9 hebdomadaire, avait-il affirm\u00e9 lors d\u2019une pr\u00e9c\u00e9dente d\u00e9claration faite \u00e0 l\u2019APS.<\/strong><\/em><\/p>\n<\/blockquote>\n<p>Reprenant le flambeau pour pr\u00e9server la m\u00e9moire nationale, certains b\u00e9n\u00e9voles ont pris l&rsquo;initiative de renouveler l&rsquo;agr\u00e9ment de l&rsquo;association du 8 mai 1945, dont le si\u00e8ge a \u00e9t\u00e9 ferm\u00e9, il y a deux ans, suite au d\u00e9c\u00e8s de son ancien secr\u00e9taire g\u00e9n\u00e9ral, Abdelaziz Bara.<\/p>\n<p>Selon Brahim Afifi, actuel secr\u00e9taire g\u00e9n\u00e9ral de cette m\u00eame association, \u00ab\u00a0le principal objectif \u00e0 pr\u00e9sent est de prot\u00e9ger et restaurer tous les lieux t\u00e9moins de la cruaut\u00e9 de ces massacres\u00a0\u00bb.<\/p>\n<blockquote readability=\"18\">\n<p><em><strong>Cette m\u00eame source a rappel\u00e9, par ailleurs, que la wilaya de Guelma compte 11 sites t\u00e9moins des tueries massives commises par le colonisateur,\u00a0 \u00e0 partir du 8 mai 1945 et qui se sont poursuivies pendant plus de deux mois, indiquant que ces lieux de m\u00e9moire sont situ\u00e9s da ns les communes de Guelma, Belkheir, Boumahra Ahmed, Khezara, Oued Echahm, H\u00e9liopolis, et Ain Larbi.<\/strong><\/em><\/p>\n<\/blockquote>\n<p>A ce propos, l&rsquo;association aspire \u00e0 restaurer en premier lieu le four \u00e0 chaux appartenant au colon Marcel Lavie, dans la r\u00e9gion d&rsquo;H\u00e9liopolis, initialement destin\u00e9 \u00e0 br\u00fbler des pierres pour les transformer en chaux, avant de faire office de \u00ab\u00a0cr\u00e9matorium humain\u00a0\u00bb.<\/p>\n<p>Pour ce faire, l\u2019association du 8 mai 1945 est en voie de r\u00e9aliser une \u00e9tude technique approfondie du site visant \u00e0 le restaurer \u00e0 l\u2019identique dela structure existante \u00e0 l&rsquo;\u00e9poque coloniale dans le but d&rsquo;en faire un monument historique.<\/p>\n<p>Auteur:<br \/>\n<a href=\"http:\/\/www.aps.dz\/regions\/104782-massacres-du-8-mai-1945-a-guelma-des-femmes-eventrees-et-leur-chair-brulee\">Cliquez ici pour lire l&rsquo;article depuis sa source.<\/a><\/p>\n","protected":false},"excerpt":{"rendered":"<p>Soixante-quinze ans (75ans) apr\u00e8s ces douloureux \u00e9v\u00e8nements, alors qu\u2019il devait avoir \u00e0 l\u2019\u00e9poque entre 14 et 15 ans, Ahmed Cherif Chouheib, ce natif de 1930 qui habitait avec sa famille dans le douar Bouzitoune pr\u00e8s du centre-ville, a confi\u00e9 \u00e0 l\u2019APS, le souvenir encore vivace de la cruaut\u00e9 et la barbarie du colonisateur fran\u00e7ais. Il [&hellip;]<\/p>\n","protected":false},"author":1790,"featured_media":0,"comment_status":"closed","ping_status":"closed","sticky":false,"template":"","format":"standard","meta":{"fifu_image_url":"","fifu_image_alt":"","footnotes":""},"categories":[53,76],"tags":[],"class_list":["post-84507","post","type-post","status-publish","format-standard","hentry","category-algerie","category-regions"],"_links":{"self":[{"href":"https:\/\/linitiative.ca\/International\/wp-json\/wp\/v2\/posts\/84507","targetHints":{"allow":["GET"]}}],"collection":[{"href":"https:\/\/linitiative.ca\/International\/wp-json\/wp\/v2\/posts"}],"about":[{"href":"https:\/\/linitiative.ca\/International\/wp-json\/wp\/v2\/types\/post"}],"author":[{"embeddable":true,"href":"https:\/\/linitiative.ca\/International\/wp-json\/wp\/v2\/users\/1790"}],"replies":[{"embeddable":true,"href":"https:\/\/linitiative.ca\/International\/wp-json\/wp\/v2\/comments?post=84507"}],"version-history":[{"count":0,"href":"https:\/\/linitiative.ca\/International\/wp-json\/wp\/v2\/posts\/84507\/revisions"}],"wp:attachment":[{"href":"https:\/\/linitiative.ca\/International\/wp-json\/wp\/v2\/media?parent=84507"}],"wp:term":[{"taxonomy":"category","embeddable":true,"href":"https:\/\/linitiative.ca\/International\/wp-json\/wp\/v2\/categories?post=84507"},{"taxonomy":"post_tag","embeddable":true,"href":"https:\/\/linitiative.ca\/International\/wp-json\/wp\/v2\/tags?post=84507"}],"curies":[{"name":"wp","href":"https:\/\/api.w.org\/{rel}","templated":true}]}}