{"id":84514,"date":"2020-05-06T12:39:11","date_gmt":"2020-05-06T16:39:11","guid":{"rendered":"https:\/\/linitiative.ca\/International\/relations-de-travail-allo-2233\/"},"modified":"2020-05-06T12:39:11","modified_gmt":"2020-05-06T16:39:11","slug":"relations-de-travail-allo-2233","status":"publish","type":"post","link":"https:\/\/linitiative.ca\/International\/relations-de-travail-allo-2233\/","title":{"rendered":"Relations de travail: All\u00f4 2233"},"content":{"rendered":"<div class=\"body\">\n<div class=\"field field-name-body field-type-text-with-summary field-label-hidden\">\n<div class=\"field-items\" readability=\"8\">\n<div class=\"field-item even\" property=\"content:encoded\" readability=\"11\">\n<p class=\"rtejustify\">Le minist\u00e8re du Travail a lanc\u00e9, ce mardi 5 mai, un centre d\u2019appels anim\u00e9 par une \u00e9quipe d\u2019inspecteurs et de m\u00e9decins du travail. Le service a pour mission de renseigner et de conseiller les employeurs et salari\u00e9s sur les normes de sant\u00e9 et de s\u00e9curit\u00e9 sur les lieux de travail.<br \/><em>\u00a0H.E.<\/em><\/p>\n<\/div>\n<\/div>\n<\/div>\n<\/div>\n<div class=\"eco-conseil\">\n<div class=\"view view-eco-conseil-16 view-id-eco_conseil_16 view-display-id-cookies view-dom-id-3e66879db28f1ff3754a93752774678d\">\n<div class=\"view-content\">\n<div id=\"views-bootstrap-grid-1\" class=\"views-bootstrap-grid-plugin-style\">\n<div class=\"row\">\n<div class=\" col-xs-12 col-lg-4\">\n<div class=\"row\">\n<div class=\"col col-xs-12 col-lg-12\">\n<div class=\"field-content\"><a href=\"\/article\/1061549-kia-continue-sa-mobilisation\"><img loading=\"lazy\" decoding=\"async\" class=\"img-responsive\" typeof=\"foaf:Image\" src=\"https:\/\/www.leconomiste.com\/sites\/default\/files\/eco7\/public\/styles\/800x400\/public\/default_images\/default_une.jpg?itok=4jZlgnIZ\" width=\"660\" height=\"330\" alt=\"\"\/><\/a><\/div>\n<\/div>\n<div class=\" title_suite_2 col col-xs-12 col-lg-12\"> <a href=\"\/article\/1061549-kia-continue-sa-mobilisation\"\/><span class=\"field-content\"> Kia continue sa mobilisation<\/span><\/div>\n<\/div>\n<\/div>\n<div class=\" col-xs-12 col-lg-4\">\n<div class=\"row\">\n<div class=\"col col-xs-12 col-lg-12\">\n<div class=\"field-content\"><a href=\"\/article\/1061548-les-presidents-d-universite-sur-le-pied-de-guerre\"><img loading=\"lazy\" decoding=\"async\" class=\"img-responsive\" typeof=\"foaf:Image\" src=\"https:\/\/www.leconomiste.com\/sites\/default\/files\/eco7\/public\/styles\/800x400\/public\/default_images\/default_une.jpg?itok=4jZlgnIZ\" width=\"660\" height=\"330\" alt=\"\"\/><\/a><\/div>\n<\/div>\n<div class=\" title_suite_2 col col-xs-12 col-lg-12\"> <a href=\"\/article\/1061548-les-presidents-d-universite-sur-le-pied-de-guerre\"\/><span class=\"field-content\">Les pr\u00e9sidents d\u2019universit\u00e9 sur le pied de guerre<\/span><\/div>\n<\/div>\n<\/div>\n<div class=\" col-xs-12 col-lg-4\">\n<div class=\"row\">\n<div class=\"col col-xs-12 col-lg-12\">\n<div class=\"field-content\"><a href=\"\/article\/1061546-pepsico-fait-un-don-la-banque-alimentaire\"><img loading=\"lazy\" decoding=\"async\" class=\"img-responsive\" typeof=\"foaf:Image\" src=\"https:\/\/www.leconomiste.com\/sites\/default\/files\/eco7\/public\/styles\/800x400\/public\/default_images\/default_une.jpg?itok=4jZlgnIZ\" width=\"660\" height=\"330\" alt=\"\"\/><\/a><\/div>\n<\/div>\n<div class=\" title_suite_2 col col-xs-12 col-lg-12\"> <a href=\"\/article\/1061546-pepsico-fait-un-don-la-banque-alimentaire\"\/><span class=\"field-content\">PepsiCo fait un don \u00e0 la Banque alimentaire <\/span><\/div>\n<\/div>\n<\/div>\n<\/div>\n<\/div>\n<\/div>\n<\/div>\n<\/div>\n<p>Auteur: hlafriqi<br \/>\n<a href=\"https:\/\/www.leconomiste.com\/article\/1061547-relations-de-travail-allo-2233\">Cliquez ici pour lire l&rsquo;article depuis sa source.<\/a><\/p>\n","protected":false},"excerpt":{"rendered":"<p>Le minist\u00e8re du Travail a lanc\u00e9, ce mardi 5 mai, un centre d\u2019appels anim\u00e9 par une \u00e9quipe d\u2019inspecteurs et de m\u00e9decins du travail. Le service a pour mission de renseigner et de conseiller les employeurs et salari\u00e9s sur les normes de sant\u00e9 et de s\u00e9curit\u00e9 sur les lieux de travail.\u00a0H.E. Kia continue sa mobilisation Les [&hellip;]<\/p>\n","protected":false},"author":1763,"featured_media":0,"comment_status":"closed","ping_status":"closed","sticky":false,"template":"","format":"standard","meta":{"fifu_image_url":"","fifu_image_alt":"","footnotes":""},"categories":[78,54],"tags":[],"class_list":["post-84514","post","type-post","status-publish","format-standard","hentry","category-economie","category-maroc"],"_links":{"self":[{"href":"https:\/\/linitiative.ca\/International\/wp-json\/wp\/v2\/posts\/84514","targetHints":{"allow":["GET"]}}],"collection":[{"href":"https:\/\/linitiative.ca\/International\/wp-json\/wp\/v2\/posts"}],"about":[{"href":"https:\/\/linitiative.ca\/International\/wp-json\/wp\/v2\/types\/post"}],"author":[{"embeddable":true,"href":"https:\/\/linitiative.ca\/International\/wp-json\/wp\/v2\/users\/1763"}],"replies":[{"embeddable":true,"href":"https:\/\/linitiative.ca\/International\/wp-json\/wp\/v2\/comments?post=84514"}],"version-history":[{"count":0,"href":"https:\/\/linitiative.ca\/International\/wp-json\/wp\/v2\/posts\/84514\/revisions"}],"wp:attachment":[{"href":"https:\/\/linitiative.ca\/International\/wp-json\/wp\/v2\/media?parent=84514"}],"wp:term":[{"taxonomy":"category","embeddable":true,"href":"https:\/\/linitiative.ca\/International\/wp-json\/wp\/v2\/categories?post=84514"},{"taxonomy":"post_tag","embeddable":true,"href":"https:\/\/linitiative.ca\/International\/wp-json\/wp\/v2\/tags?post=84514"}],"curies":[{"name":"wp","href":"https:\/\/api.w.org\/{rel}","templated":true}]}}