{"id":84515,"date":"2020-05-06T12:40:15","date_gmt":"2020-05-06T16:40:15","guid":{"rendered":"https:\/\/linitiative.ca\/International\/les-presidents-duniversite-sur-le-pied-de-guerre\/"},"modified":"2020-05-06T12:40:15","modified_gmt":"2020-05-06T16:40:15","slug":"les-presidents-duniversite-sur-le-pied-de-guerre","status":"publish","type":"post","link":"https:\/\/linitiative.ca\/International\/les-presidents-duniversite-sur-le-pied-de-guerre\/","title":{"rendered":"Les pr\u00e9sidents d\u2019universit\u00e9 sur le pied de guerre"},"content":{"rendered":"<div class=\"author\" readability=\"5.6949152542373\"> Par <a href=\"\/content\/ahlam-nazih\"> Ahlam NAZIH<\/a> <a href=\"\/node\/\"> <\/a> | Edition N\u00b0:5756 Le 07\/05\/2020 | Partager <\/div>\n<div class=\"body\">\n<div class=\"field field-name-body field-type-text-with-summary field-label-hidden\">\n<div class=\"field-items\" readability=\"9\">\n<div class=\"field-item even\" property=\"content:encoded\" readability=\"13\">\n<p class=\"rtejustify\">La Conf\u00e9rence des pr\u00e9sidents d\u2019universit\u00e9 (CPU) se r\u00e9unit d\u00e9sormais deux fois par semaine avec son minist\u00e8re de tutelle. Depuis le d\u00e9clenchement de la crise, la mobilisation est totale. Au-del\u00e0 de la continuit\u00e9 p\u00e9dagogique via le e-learning, les pr\u00e9sidents d\u2019universit\u00e9 coordonnent leur r\u00e9flexion pour pr\u00e9parer l\u2019apr\u00e8s confinement, ainsi que les sc\u00e9narios pour l\u2019organisation des \u00e9preuves. Pour l\u2019heure aucune date n\u2019a \u00e9t\u00e9 fix\u00e9e pour les examens.<br \/><em>A.Na<\/em><\/p>\n<\/div>\n<\/div>\n<\/div>\n<\/div>\n<div class=\"eco-conseil\">\n<div class=\"view view-eco-conseil-16 view-id-eco_conseil_16 view-display-id-cookies view-dom-id-8760ea31d6385a7e4e17b2e282b06266\">\n<div class=\"view-content\">\n<div id=\"views-bootstrap-grid-1\" class=\"views-bootstrap-grid-plugin-style\">\n<div class=\"row\">\n<div class=\" col-xs-12 col-lg-4\">\n<div class=\"row\">\n<div class=\"col col-xs-12 col-lg-12\">\n<div class=\"field-content\"><a href=\"\/article\/1061549-kia-continue-sa-mobilisation\"><img loading=\"lazy\" decoding=\"async\" class=\"img-responsive\" typeof=\"foaf:Image\" src=\"https:\/\/www.leconomiste.com\/sites\/default\/files\/eco7\/public\/styles\/800x400\/public\/default_images\/default_une.jpg?itok=4jZlgnIZ\" width=\"660\" height=\"330\" alt=\"\"\/><\/a><\/div>\n<\/div>\n<div class=\" title_suite_2 col col-xs-12 col-lg-12\"> <a href=\"\/article\/1061549-kia-continue-sa-mobilisation\"\/><span class=\"field-content\"> Kia continue sa mobilisation<\/span><\/div>\n<\/div>\n<\/div>\n<div class=\" col-xs-12 col-lg-4\">\n<div class=\"row\">\n<div class=\"col col-xs-12 col-lg-12\">\n<div class=\"field-content\"><a href=\"\/article\/1061547-relations-de-travail-allo-2233\"><img loading=\"lazy\" decoding=\"async\" class=\"img-responsive\" typeof=\"foaf:Image\" src=\"https:\/\/www.leconomiste.com\/sites\/default\/files\/eco7\/public\/styles\/800x400\/public\/default_images\/default_une.jpg?itok=4jZlgnIZ\" width=\"660\" height=\"330\" alt=\"\"\/><\/a><\/div>\n<\/div>\n<div class=\" title_suite_2 col col-xs-12 col-lg-12\"> <a href=\"\/article\/1061547-relations-de-travail-allo-2233\"\/><span class=\"field-content\">Relations de travail: All\u00f4 2233<\/span><\/div>\n<\/div>\n<\/div>\n<div class=\" col-xs-12 col-lg-4\">\n<div class=\"row\">\n<div class=\"col col-xs-12 col-lg-12\">\n<div class=\"field-content\"><a href=\"\/article\/1061546-pepsico-fait-un-don-la-banque-alimentaire\"><img loading=\"lazy\" decoding=\"async\" class=\"img-responsive\" typeof=\"foaf:Image\" src=\"https:\/\/www.leconomiste.com\/sites\/default\/files\/eco7\/public\/styles\/800x400\/public\/default_images\/default_une.jpg?itok=4jZlgnIZ\" width=\"660\" height=\"330\" alt=\"\"\/><\/a><\/div>\n<\/div>\n<div class=\" title_suite_2 col col-xs-12 col-lg-12\"> <a href=\"\/article\/1061546-pepsico-fait-un-don-la-banque-alimentaire\"\/><span class=\"field-content\">PepsiCo fait un don \u00e0 la Banque alimentaire <\/span><\/div>\n<\/div>\n<\/div>\n<\/div>\n<\/div>\n<\/div>\n<\/div>\n<\/div>\n<p>Auteur: hlafriqi<br \/>\n<a href=\"https:\/\/www.leconomiste.com\/article\/1061548-les-presidents-d-universite-sur-le-pied-de-guerre\">Cliquez ici pour lire l&rsquo;article depuis sa source.<\/a><\/p>\n","protected":false},"excerpt":{"rendered":"<p>Par Ahlam NAZIH | Edition N\u00b0:5756 Le 07\/05\/2020 | Partager La Conf\u00e9rence des pr\u00e9sidents d\u2019universit\u00e9 (CPU) se r\u00e9unit d\u00e9sormais deux fois par semaine avec son minist\u00e8re de tutelle. Depuis le d\u00e9clenchement de la crise, la mobilisation est totale. Au-del\u00e0 de la continuit\u00e9 p\u00e9dagogique via le e-learning, les pr\u00e9sidents d\u2019universit\u00e9 coordonnent leur r\u00e9flexion pour pr\u00e9parer l\u2019apr\u00e8s [&hellip;]<\/p>\n","protected":false},"author":1763,"featured_media":0,"comment_status":"closed","ping_status":"closed","sticky":false,"template":"","format":"standard","meta":{"fifu_image_url":"","fifu_image_alt":"","footnotes":""},"categories":[78,54],"tags":[],"class_list":["post-84515","post","type-post","status-publish","format-standard","hentry","category-economie","category-maroc"],"_links":{"self":[{"href":"https:\/\/linitiative.ca\/International\/wp-json\/wp\/v2\/posts\/84515","targetHints":{"allow":["GET"]}}],"collection":[{"href":"https:\/\/linitiative.ca\/International\/wp-json\/wp\/v2\/posts"}],"about":[{"href":"https:\/\/linitiative.ca\/International\/wp-json\/wp\/v2\/types\/post"}],"author":[{"embeddable":true,"href":"https:\/\/linitiative.ca\/International\/wp-json\/wp\/v2\/users\/1763"}],"replies":[{"embeddable":true,"href":"https:\/\/linitiative.ca\/International\/wp-json\/wp\/v2\/comments?post=84515"}],"version-history":[{"count":0,"href":"https:\/\/linitiative.ca\/International\/wp-json\/wp\/v2\/posts\/84515\/revisions"}],"wp:attachment":[{"href":"https:\/\/linitiative.ca\/International\/wp-json\/wp\/v2\/media?parent=84515"}],"wp:term":[{"taxonomy":"category","embeddable":true,"href":"https:\/\/linitiative.ca\/International\/wp-json\/wp\/v2\/categories?post=84515"},{"taxonomy":"post_tag","embeddable":true,"href":"https:\/\/linitiative.ca\/International\/wp-json\/wp\/v2\/tags?post=84515"}],"curies":[{"name":"wp","href":"https:\/\/api.w.org\/{rel}","templated":true}]}}