{"id":84516,"date":"2020-05-06T12:41:08","date_gmt":"2020-05-06T16:41:08","guid":{"rendered":"https:\/\/linitiative.ca\/International\/kia-continue-sa-mobilisation\/"},"modified":"2020-05-06T12:41:08","modified_gmt":"2020-05-06T16:41:08","slug":"kia-continue-sa-mobilisation","status":"publish","type":"post","link":"https:\/\/linitiative.ca\/International\/kia-continue-sa-mobilisation\/","title":{"rendered":"Kia continue sa mobilisation"},"content":{"rendered":"<div class=\"body\">\n<div class=\"field field-name-body field-type-text-with-summary field-label-hidden\">\n<div class=\"field-items\" readability=\"9\">\n<div class=\"field-item even\" property=\"content:encoded\" readability=\"13\">\n<p class=\"rtejustify\">Kia poursuit sa mobilisation pour r\u00e9pondre aux besoins de ses clients. Pour ce faire, la marque a mis en place un service d\u2019astreinte dans toutes ses concessions ainsi qu\u2019un service apr\u00e8s-vente \u00e0 domicile. Parall\u00e8lement, Kia apporte son soutien \u00e0 l\u2019association Initiative Urbaine en participant \u00e0 l\u2019op\u00e9ration #CoronaPanier. Elle offre ainsi son soutien logistique pour permettre aux b\u00e9n\u00e9voles de distribuer des denr\u00e9es alimentaires \u00e0 1.000 familles dont les revenus ont \u00e9t\u00e9 impact\u00e9s par cette crise. Sur le registre commercial, la marque a lanc\u00e9 des offres in\u00e9dites sur toute sa gamme et invite les clients potentiels \u00e0 contacter ses commerciaux \u00e0 travers diff\u00e9rents canaux digitaux. Ils auront ainsi la possibilit\u00e9 de d\u00e9couvrir les v\u00e9hicules en vid\u00e9o-live ou d\u2019effectuer un test drive\u2026 \u00e0 domicile!<br \/><em>M.A.B. <\/em><\/p>\n<\/div>\n<\/div>\n<\/div>\n<\/div>\n<div class=\"eco-conseil\">\n<div class=\"view view-eco-conseil-16 view-id-eco_conseil_16 view-display-id-cookies view-dom-id-63e139c922c37c88221c55eeebf013da\">\n<div class=\"view-content\">\n<div id=\"views-bootstrap-grid-1\" class=\"views-bootstrap-grid-plugin-style\">\n<div class=\"row\">\n<div class=\" col-xs-12 col-lg-4\">\n<div class=\"row\">\n<div class=\"col col-xs-12 col-lg-12\">\n<div class=\"field-content\"><a href=\"\/article\/1061548-les-presidents-d-universite-sur-le-pied-de-guerre\"><img loading=\"lazy\" decoding=\"async\" class=\"img-responsive\" typeof=\"foaf:Image\" src=\"https:\/\/www.leconomiste.com\/sites\/default\/files\/eco7\/public\/styles\/800x400\/public\/default_images\/default_une.jpg?itok=4jZlgnIZ\" width=\"660\" height=\"330\" alt=\"\"\/><\/a><\/div>\n<\/div>\n<div class=\" title_suite_2 col col-xs-12 col-lg-12\"> <a href=\"\/article\/1061548-les-presidents-d-universite-sur-le-pied-de-guerre\"\/><span class=\"field-content\">Les pr\u00e9sidents d\u2019universit\u00e9 sur le pied de guerre<\/span><\/div>\n<\/div>\n<\/div>\n<div class=\" col-xs-12 col-lg-4\">\n<div class=\"row\">\n<div class=\"col col-xs-12 col-lg-12\">\n<div class=\"field-content\"><a href=\"\/article\/1061547-relations-de-travail-allo-2233\"><img loading=\"lazy\" decoding=\"async\" class=\"img-responsive\" typeof=\"foaf:Image\" src=\"https:\/\/www.leconomiste.com\/sites\/default\/files\/eco7\/public\/styles\/800x400\/public\/default_images\/default_une.jpg?itok=4jZlgnIZ\" width=\"660\" height=\"330\" alt=\"\"\/><\/a><\/div>\n<\/div>\n<div class=\" title_suite_2 col col-xs-12 col-lg-12\"> <a href=\"\/article\/1061547-relations-de-travail-allo-2233\"\/><span class=\"field-content\">Relations de travail: All\u00f4 2233<\/span><\/div>\n<\/div>\n<\/div>\n<div class=\" col-xs-12 col-lg-4\">\n<div class=\"row\">\n<div class=\"col col-xs-12 col-lg-12\">\n<div class=\"field-content\"><a href=\"\/article\/1061546-pepsico-fait-un-don-la-banque-alimentaire\"><img loading=\"lazy\" decoding=\"async\" class=\"img-responsive\" typeof=\"foaf:Image\" src=\"https:\/\/www.leconomiste.com\/sites\/default\/files\/eco7\/public\/styles\/800x400\/public\/default_images\/default_une.jpg?itok=4jZlgnIZ\" width=\"660\" height=\"330\" alt=\"\"\/><\/a><\/div>\n<\/div>\n<div class=\" title_suite_2 col col-xs-12 col-lg-12\"> <a href=\"\/article\/1061546-pepsico-fait-un-don-la-banque-alimentaire\"\/><span class=\"field-content\">PepsiCo fait un don \u00e0 la Banque alimentaire <\/span><\/div>\n<\/div>\n<\/div>\n<\/div>\n<\/div>\n<\/div>\n<\/div>\n<\/div>\n<p>Auteur: hlafriqi<br \/>\n<a href=\"https:\/\/www.leconomiste.com\/article\/1061549-kia-continue-sa-mobilisation\">Cliquez ici pour lire l&rsquo;article depuis sa source.<\/a><\/p>\n","protected":false},"excerpt":{"rendered":"<p>Kia poursuit sa mobilisation pour r\u00e9pondre aux besoins de ses clients. Pour ce faire, la marque a mis en place un service d\u2019astreinte dans toutes ses concessions ainsi qu\u2019un service apr\u00e8s-vente \u00e0 domicile. Parall\u00e8lement, Kia apporte son soutien \u00e0 l\u2019association Initiative Urbaine en participant \u00e0 l\u2019op\u00e9ration #CoronaPanier. Elle offre ainsi son soutien logistique pour permettre [&hellip;]<\/p>\n","protected":false},"author":1763,"featured_media":0,"comment_status":"closed","ping_status":"closed","sticky":false,"template":"","format":"standard","meta":{"fifu_image_url":"","fifu_image_alt":"","footnotes":""},"categories":[78,54],"tags":[],"class_list":["post-84516","post","type-post","status-publish","format-standard","hentry","category-economie","category-maroc"],"_links":{"self":[{"href":"https:\/\/linitiative.ca\/International\/wp-json\/wp\/v2\/posts\/84516","targetHints":{"allow":["GET"]}}],"collection":[{"href":"https:\/\/linitiative.ca\/International\/wp-json\/wp\/v2\/posts"}],"about":[{"href":"https:\/\/linitiative.ca\/International\/wp-json\/wp\/v2\/types\/post"}],"author":[{"embeddable":true,"href":"https:\/\/linitiative.ca\/International\/wp-json\/wp\/v2\/users\/1763"}],"replies":[{"embeddable":true,"href":"https:\/\/linitiative.ca\/International\/wp-json\/wp\/v2\/comments?post=84516"}],"version-history":[{"count":0,"href":"https:\/\/linitiative.ca\/International\/wp-json\/wp\/v2\/posts\/84516\/revisions"}],"wp:attachment":[{"href":"https:\/\/linitiative.ca\/International\/wp-json\/wp\/v2\/media?parent=84516"}],"wp:term":[{"taxonomy":"category","embeddable":true,"href":"https:\/\/linitiative.ca\/International\/wp-json\/wp\/v2\/categories?post=84516"},{"taxonomy":"post_tag","embeddable":true,"href":"https:\/\/linitiative.ca\/International\/wp-json\/wp\/v2\/tags?post=84516"}],"curies":[{"name":"wp","href":"https:\/\/api.w.org\/{rel}","templated":true}]}}