{"id":84517,"date":"2020-05-06T10:00:00","date_gmt":"2020-05-06T14:00:00","guid":{"rendered":"https:\/\/linitiative.ca\/International\/lagent-de-la-garde-nationale-retire-sa-plainte-mais-le-ministere-de-linterieur-tient-bon\/"},"modified":"2020-05-06T10:00:00","modified_gmt":"2020-05-06T14:00:00","slug":"lagent-de-la-garde-nationale-retire-sa-plainte-mais-le-ministere-de-linterieur-tient-bon","status":"publish","type":"post","link":"https:\/\/linitiative.ca\/International\/lagent-de-la-garde-nationale-retire-sa-plainte-mais-le-ministere-de-linterieur-tient-bon\/","title":{"rendered":"L\u2019agent de la Garde Nationale retire sa plainte, mais le Minist\u00e8re de l\u2019Int\u00e9rieur tient bon\u2026"},"content":{"rendered":"<p>Nous avons appris que l\u2019agent de l\u2019ordre qui a d\u00e9pos\u00e9 plainte contre\u00a0 le joueur Hamdi Nagguez, s\u2019est r\u00e9solu \u00e0 abandonner les poursuites judiciaires \u00e0 l\u2019encontre de l\u2019ex-\u00e9toil\u00e9, suite \u00e0 l\u2019intervention du pr\u00e9sident de l\u2019ESS, Dr Ridha Charfeddine.<br \/>Toutefois, le syndicat de la Garde Nationale semble d\u00e9cid\u00e9 \u00e0 maintenir le processus judiciaire dans cette affaire, estimant que Hamdi Nagguez a port\u00e9 un grave pr\u00e9judice \u00e0 l\u2019int\u00e9grit\u00e9 du corps, \u00e0 travers son comportement \u00e0 l\u2019\u00e9gard de l\u2019agent en question. Un retour \u00e0 la raison est souhait\u00e9 de la part de toutes les parties\u2026<br \/>Une rancune d\u00e9sobligeante !<br \/>Toujours dans ce m\u00eame contexte de l\u2019affaire-Nagguez, le journaliste \u00e9gyptien de la chaine Zamalek ,Tarek Yahia, a eu l\u2019impudence de faire valoir une rancune \u00e0 toute \u00e9preuve \u00e0 l\u2019\u00e9gard de l\u2019arri\u00e8re droit international, en estimant qu\u2019une \u00ab justice divine \u00bb a eu son droit dans l\u2019incident survenu pour Nagguez. Le comble de l\u2019immoralit\u00e9 !<br \/>Hatem REGAIEG<\/p>\n<p>Auteur: letemps1<br \/>\n<a href=\"http:\/\/www.letemps.com.tn\/article\/113572\/l%E2%80%99agent-de-la-garde-nationale-retire-sa-plainte-mais-le-minist%C3%A8re-de-l%E2%80%99int%C3%A9rieur\">Cliquez ici pour lire l&rsquo;article depuis sa source.<\/a><\/p>\n","protected":false},"excerpt":{"rendered":"<p>Nous avons appris que l\u2019agent de l\u2019ordre qui a d\u00e9pos\u00e9 plainte contre\u00a0 le joueur Hamdi Nagguez, s\u2019est r\u00e9solu \u00e0 abandonner les poursuites judiciaires \u00e0 l\u2019encontre de l\u2019ex-\u00e9toil\u00e9, suite \u00e0 l\u2019intervention du pr\u00e9sident de l\u2019ESS, Dr Ridha Charfeddine.Toutefois, le syndicat de la Garde Nationale semble d\u00e9cid\u00e9 \u00e0 maintenir le processus judiciaire dans cette affaire, estimant que [&hellip;]<\/p>\n","protected":false},"author":1773,"featured_media":0,"comment_status":"closed","ping_status":"closed","sticky":false,"template":"","format":"standard","meta":{"fifu_image_url":"","fifu_image_alt":"","footnotes":""},"categories":[73,55],"tags":[],"class_list":["post-84517","post","type-post","status-publish","format-standard","hentry","category-actualite","category-tunisie"],"_links":{"self":[{"href":"https:\/\/linitiative.ca\/International\/wp-json\/wp\/v2\/posts\/84517","targetHints":{"allow":["GET"]}}],"collection":[{"href":"https:\/\/linitiative.ca\/International\/wp-json\/wp\/v2\/posts"}],"about":[{"href":"https:\/\/linitiative.ca\/International\/wp-json\/wp\/v2\/types\/post"}],"author":[{"embeddable":true,"href":"https:\/\/linitiative.ca\/International\/wp-json\/wp\/v2\/users\/1773"}],"replies":[{"embeddable":true,"href":"https:\/\/linitiative.ca\/International\/wp-json\/wp\/v2\/comments?post=84517"}],"version-history":[{"count":0,"href":"https:\/\/linitiative.ca\/International\/wp-json\/wp\/v2\/posts\/84517\/revisions"}],"wp:attachment":[{"href":"https:\/\/linitiative.ca\/International\/wp-json\/wp\/v2\/media?parent=84517"}],"wp:term":[{"taxonomy":"category","embeddable":true,"href":"https:\/\/linitiative.ca\/International\/wp-json\/wp\/v2\/categories?post=84517"},{"taxonomy":"post_tag","embeddable":true,"href":"https:\/\/linitiative.ca\/International\/wp-json\/wp\/v2\/tags?post=84517"}],"curies":[{"name":"wp","href":"https:\/\/api.w.org\/{rel}","templated":true}]}}