{"id":84518,"date":"2020-05-06T10:00:00","date_gmt":"2020-05-06T14:00:00","guid":{"rendered":"https:\/\/linitiative.ca\/International\/une-saison-qui-restera-gravee-dans-les-memoires\/"},"modified":"2020-05-06T10:00:00","modified_gmt":"2020-05-06T14:00:00","slug":"une-saison-qui-restera-gravee-dans-les-memoires","status":"publish","type":"post","link":"https:\/\/linitiative.ca\/International\/une-saison-qui-restera-gravee-dans-les-memoires\/","title":{"rendered":"Une saison qui restera grav\u00e9e dans les m\u00e9moires\u00a0!"},"content":{"rendered":"<p>Le retour officiel \u00e0 la comp\u00e9tition en ligue 1 et en ligue 2 reste tributaire de l\u2019accord des diff\u00e9rentes parties impliqu\u00e9es dans ce dossier et notamment celui inh\u00e9rent au volet s\u00e9curitaire. La FTF a, certes, mis en route toutes les mesures appropri\u00e9es pour un retour sans le moindre risque des \u00e9quipes aux entra\u00eenements et n\u2019attend plus que le feu vert des autorit\u00e9s pour sauver la suite d\u2019une saison qui a tra\u00een\u00e9 en longueur.<br \/>Pas moins de dix journ\u00e9es restent \u00e0 jouer en ligue 1 et davantage en ligue 2, compte non tenu des trois tours en coupe de Tunisie. Une saison qui prendrait fin soit fin juin, soit au mois d\u2019ao\u00fbt, soit encore au mois de\u2026novembre.<br \/>R.B.A<\/p>\n<p>Auteur: letemps1<br \/>\n<a href=\"http:\/\/www.letemps.com.tn\/article\/113573\/une-saison-qui-restera-grav%C3%A9e-dans-les-m%C3%A9moires%C2%A0\">Cliquez ici pour lire l&rsquo;article depuis sa source.<\/a><\/p>\n","protected":false},"excerpt":{"rendered":"<p>Le retour officiel \u00e0 la comp\u00e9tition en ligue 1 et en ligue 2 reste tributaire de l\u2019accord des diff\u00e9rentes parties impliqu\u00e9es dans ce dossier et notamment celui inh\u00e9rent au volet s\u00e9curitaire. La FTF a, certes, mis en route toutes les mesures appropri\u00e9es pour un retour sans le moindre risque des \u00e9quipes aux entra\u00eenements et n\u2019attend [&hellip;]<\/p>\n","protected":false},"author":1773,"featured_media":0,"comment_status":"closed","ping_status":"closed","sticky":false,"template":"","format":"standard","meta":{"fifu_image_url":"","fifu_image_alt":"","footnotes":""},"categories":[73,55],"tags":[],"class_list":["post-84518","post","type-post","status-publish","format-standard","hentry","category-actualite","category-tunisie"],"_links":{"self":[{"href":"https:\/\/linitiative.ca\/International\/wp-json\/wp\/v2\/posts\/84518","targetHints":{"allow":["GET"]}}],"collection":[{"href":"https:\/\/linitiative.ca\/International\/wp-json\/wp\/v2\/posts"}],"about":[{"href":"https:\/\/linitiative.ca\/International\/wp-json\/wp\/v2\/types\/post"}],"author":[{"embeddable":true,"href":"https:\/\/linitiative.ca\/International\/wp-json\/wp\/v2\/users\/1773"}],"replies":[{"embeddable":true,"href":"https:\/\/linitiative.ca\/International\/wp-json\/wp\/v2\/comments?post=84518"}],"version-history":[{"count":0,"href":"https:\/\/linitiative.ca\/International\/wp-json\/wp\/v2\/posts\/84518\/revisions"}],"wp:attachment":[{"href":"https:\/\/linitiative.ca\/International\/wp-json\/wp\/v2\/media?parent=84518"}],"wp:term":[{"taxonomy":"category","embeddable":true,"href":"https:\/\/linitiative.ca\/International\/wp-json\/wp\/v2\/categories?post=84518"},{"taxonomy":"post_tag","embeddable":true,"href":"https:\/\/linitiative.ca\/International\/wp-json\/wp\/v2\/tags?post=84518"}],"curies":[{"name":"wp","href":"https:\/\/api.w.org\/{rel}","templated":true}]}}