{"id":84520,"date":"2020-05-06T10:00:00","date_gmt":"2020-05-06T14:00:00","guid":{"rendered":"https:\/\/linitiative.ca\/International\/le-syndicat-des-joueurs-propose-de-raccourcir-les-matches\/"},"modified":"2020-05-06T10:00:00","modified_gmt":"2020-05-06T14:00:00","slug":"le-syndicat-des-joueurs-propose-de-raccourcir-les-matches","status":"publish","type":"post","link":"https:\/\/linitiative.ca\/International\/le-syndicat-des-joueurs-propose-de-raccourcir-les-matches\/","title":{"rendered":"Le syndicat des joueurs propose de raccourcir les matches"},"content":{"rendered":"<p>Au regard du nombre de matches que doivent disputer les clubs pour terminer la saison en cas de reprise du Championnat, le syndicat des joueurs de Premier League a propos\u00e9 de r\u00e9duire la dur\u00e9e des rencontres. La Professional Players\u2019 Association (PFA), le syndicat des joueurs de football anglais, a \u00e9voqu\u00e9 hoer l\u2019hypoth\u00e8se d\u2019un raccourcissement des matches de football en cas de reprise de la comp\u00e9tition envisag\u00e9e cet \u00e9t\u00e9 malgr\u00e9 la pand\u00e9mie de Covid-19.<br \/>La Premier League discute actuellement avec des experts m\u00e9dicaux, le gouvernement et les repr\u00e9sentants des clubs ainsi que des joueurs pour trouver un moyen de terminer la saison interrompue le 9\u00a0mars dernier, avec encore 92 matches \u00e0 disputer. Des matches \u00e0 huis clos et dans un nombre r\u00e9duit de stades sont notamment envisag\u00e9s pour limiter les risques et aucune id\u00e9e ne semble taboue.\u00a0\u00ab\u00a0Nous ne connaissons pas l\u203aavenir. Ce que l\u203aon sait, ce sont les propositions qui ont \u00e9t\u00e9 faites, la possibilit\u00e9 d\u203aavoir plus de rempla\u00e7ants et des matches qui ne fassent pas forc\u00e9ment deux fois 45 minutes\u00a0\u00bb, a indiqu\u00e9 le pr\u00e9sident de la PFA, Gordon Taylor,\u00a0sur la\u00a0BBC. Cette proposition doit \u00eatre imp\u00e9rativement valid\u00e9e par l\u2019International Board (IFAB), l\u2019organisme garant des r\u00e8gles du jeu, avant que des ligues nationales puissent l\u2019appliquer.<\/p>\n<p>Auteur: letemps1<br \/>\n<a href=\"http:\/\/www.letemps.com.tn\/article\/113575\/le-syndicat-des-joueurs-propose-de-raccourcir-les-matches\">Cliquez ici pour lire l&rsquo;article depuis sa source.<\/a><\/p>\n","protected":false},"excerpt":{"rendered":"<p>Au regard du nombre de matches que doivent disputer les clubs pour terminer la saison en cas de reprise du Championnat, le syndicat des joueurs de Premier League a propos\u00e9 de r\u00e9duire la dur\u00e9e des rencontres. La Professional Players\u2019 Association (PFA), le syndicat des joueurs de football anglais, a \u00e9voqu\u00e9 hoer l\u2019hypoth\u00e8se d\u2019un raccourcissement des [&hellip;]<\/p>\n","protected":false},"author":1773,"featured_media":0,"comment_status":"closed","ping_status":"closed","sticky":false,"template":"","format":"standard","meta":{"fifu_image_url":"","fifu_image_alt":"","footnotes":""},"categories":[73,55],"tags":[],"class_list":["post-84520","post","type-post","status-publish","format-standard","hentry","category-actualite","category-tunisie"],"_links":{"self":[{"href":"https:\/\/linitiative.ca\/International\/wp-json\/wp\/v2\/posts\/84520","targetHints":{"allow":["GET"]}}],"collection":[{"href":"https:\/\/linitiative.ca\/International\/wp-json\/wp\/v2\/posts"}],"about":[{"href":"https:\/\/linitiative.ca\/International\/wp-json\/wp\/v2\/types\/post"}],"author":[{"embeddable":true,"href":"https:\/\/linitiative.ca\/International\/wp-json\/wp\/v2\/users\/1773"}],"replies":[{"embeddable":true,"href":"https:\/\/linitiative.ca\/International\/wp-json\/wp\/v2\/comments?post=84520"}],"version-history":[{"count":0,"href":"https:\/\/linitiative.ca\/International\/wp-json\/wp\/v2\/posts\/84520\/revisions"}],"wp:attachment":[{"href":"https:\/\/linitiative.ca\/International\/wp-json\/wp\/v2\/media?parent=84520"}],"wp:term":[{"taxonomy":"category","embeddable":true,"href":"https:\/\/linitiative.ca\/International\/wp-json\/wp\/v2\/categories?post=84520"},{"taxonomy":"post_tag","embeddable":true,"href":"https:\/\/linitiative.ca\/International\/wp-json\/wp\/v2\/tags?post=84520"}],"curies":[{"name":"wp","href":"https:\/\/api.w.org\/{rel}","templated":true}]}}