{"id":84521,"date":"2020-05-06T10:00:00","date_gmt":"2020-05-06T14:00:00","guid":{"rendered":"https:\/\/linitiative.ca\/International\/mane-et-salah-nauraient-pas-du-gagner-le-ballon-dor-africain\/"},"modified":"2020-05-06T10:00:00","modified_gmt":"2020-05-06T14:00:00","slug":"mane-et-salah-nauraient-pas-du-gagner-le-ballon-dor-africain","status":"publish","type":"post","link":"https:\/\/linitiative.ca\/International\/mane-et-salah-nauraient-pas-du-gagner-le-ballon-dor-africain\/","title":{"rendered":"\u00abMan\u00e9 et Salah n\u2019auraient pas d\u00fb gagner le Ballon d\u2019Or Africain\u00a0!\u00bb"},"content":{"rendered":"<p>D\u00e9claration provocante d\u2019Adebayor\u00a0:<\/p>\n<footer class=\"submitted clearfix\">\n<p><span class=\"date-display-single\" property=\"dc:date\" datatype=\"xsd:dateTime\" content=\"2020-05-06T00:00:00+01:00\">Mercredi 6 Mai 2020<\/span><\/p>\n<\/footer>\n<div class=\"content clearfix\" readability=\"38.899016053858\"><span class=\"print-link\"><span class=\"print_html\"><a href=\"http:\/\/www.letemps.com.tn\/print\/113576\" title=\"Display a printer-friendly version of this page.\" class=\"print-page\" onclick=\"window.open(this.href); return false\" rel=\"nofollow\"><img decoding=\"async\" class=\"print-icon\" typeof=\"foaf:Image\" src=\"http:\/\/www.letemps.com.tn\/sites\/all\/modules\/print\/icons\/print_icon.gif\" alt=\"\u0646\u0633\u062e\u0629 \u0644\u0644\u0637\u0628\u0627\u0639\u0629\" title=\"\u0646\u0633\u062e\u0629 \u0644\u0644\u0637\u0628\u0627\u0639\u0629\"\/><\/a><\/span><\/span><\/p>\n<div class=\"beacon9-social\">\n<p><iframe src=\"http:\/\/www.facebook.com\/plugins\/like.php?href=http%3A%2F%2Fwww.letemps.com.tn%2Farticle%2F113576%2F%25C2%25ABman%25C3%25A9-et-salah-n%25E2%2580%2599auraient-pas-d%25C3%25BB-gagner-le-ballon-d%25E2%2580%2599or-africain%25C2%25A0%25C2%25BB&amp;layout=button_count&amp;show_faces=false&amp;action=like&amp;font=arial&amp;colorscheme=light\" scrolling=\"no\" frameborder=\"0\" class=\"c1\" allowtransparency=\"true\">[embedded content]<\/iframe><\/p>\n<\/div>\n<div class=\"field field-name-field-op-main-image field-type-image field-label-hidden field-items field-item even\"><img loading=\"lazy\" decoding=\"async\" typeof=\"foaf:Image\" src=\"http:\/\/www.letemps.com.tn\/sites\/www.letemps.com.tn\/files\/styles\/620px_wide\/public\/main\/articles\/p16-coul-n2.JPG\" width=\"675\" height=\"280\" alt=\"\"\/><\/div>\n<div class=\"field field-name-body field-type-text-with-summary field-label-hidden field-items field-item even\" readability=\"48\">\n<p>Emmanuel Adebayor n\u2019en finit plus de faire parler de lui ces derni\u00e8res semaines. Le Togolais multiplie les d\u00e9clarations provocatrices et choquantes.<br \/>Apr\u00e8s avoir refus\u00e9 de faire des dons et d\u2019\u00eatre compar\u00e9 \u00e0 Didier Drogba et Samuel Eto\u2019o, l\u2019ancien capitaine de la s\u00e9lection togolaise s\u2019en est pris \u00e0 Sadio Man\u00e9 et Mohamed Salah.<br \/>Adebayor estime que les deux stars de Liverpool n\u2019auraient pas d\u00fb gagner le titre du Ballon d\u2019Or Africain. Il privil\u00e9gierait les joueurs locaux (bas\u00e9s sur le continent.)<br \/>\u00abComment Sadio Man\u00e9 peut remporter le prix du meilleur joueur de l\u2019ann\u00e9e de la CAF, alors qu\u2019il n\u2019est pas bas\u00e9 en Afrique, Lionel Messi n\u2019a jamais remport\u00e9 de troph\u00e9e individuel continental sur son continent. La CAF signifie Conf\u00e9d\u00e9ration Africaine de Football. Je ne peux pas imaginer comment Salah et Sadio peuvent l\u2019emporter. Ce prix appartient aux joueurs bas\u00e9s en Afrique \u00bb, a l\u00e2ch\u00e9 l\u2019ancien gunner.<br \/>Rappelons que Adebayor avait remport\u00e9 ce titre alors qu\u2019il \u00e9voluait sous le maillot du club londonien.<\/p>\n<p>Adebayor refuse de faire un don contre le COVID-19<br \/>Contrairement \u00e0 d\u2019autres stars du continent, \u00e0 l\u2019instar de l\u2019Ivoirien Didier Drogba et le Camerounais Samuel Eto\u2019o, Emmanuel Adebayor a refus\u00e9 d\u2019 aider la population togolaise en pleine pand\u00e9mie de coronavirus.<br \/>\u00abJe fais toujours les choses selon les d\u00e9sirs de mon c\u0153ur et non selon les dires des autres. Je suis d\u00e9sol\u00e9 que les gens me comparent \u00e0 Samuel Eto\u2019o et Didier Drogba en me demandant pourquoi j\u2019ai pas de fondation ou pourquoi je fais pas de dons comme si je suis celui qui a amen\u00e9 Coronavirus au Togo. Je ne suis ni l\u2019un ni l\u2019autre, je suis moi Sheyi Emmanuel Adebayor.<br \/>Un petit conseil les gars concernant les dons, je n\u2019en ferai pas. Tout est clair et tr\u00e8s simple. Merci et bonne journ\u00e9e je vais aller regarder un film et faire la sieste et on se rattrape la soir\u00e9e\u00bb.<\/p>\n<\/div>\n<\/div>\n<p>Auteur: letemps1<br \/>\n<a href=\"http:\/\/www.letemps.com.tn\/article\/113576\/%C2%ABman%C3%A9-et-salah-n%E2%80%99auraient-pas-d%C3%BB-gagner-le-ballon-d%E2%80%99or-africain%C2%A0%C2%BB\">Cliquez ici pour lire l&rsquo;article depuis sa source.<\/a><\/p>\n","protected":false},"excerpt":{"rendered":"<p>D\u00e9claration provocante d\u2019Adebayor\u00a0: Mercredi 6 Mai 2020 [embedded content] Emmanuel Adebayor n\u2019en finit plus de faire parler de lui ces derni\u00e8res semaines. Le Togolais multiplie les d\u00e9clarations provocatrices et choquantes.Apr\u00e8s avoir refus\u00e9 de faire des dons et d\u2019\u00eatre compar\u00e9 \u00e0 Didier Drogba et Samuel Eto\u2019o, l\u2019ancien capitaine de la s\u00e9lection togolaise s\u2019en est pris \u00e0 [&hellip;]<\/p>\n","protected":false},"author":1773,"featured_media":84522,"comment_status":"closed","ping_status":"closed","sticky":false,"template":"","format":"standard","meta":{"fifu_image_url":"","fifu_image_alt":"","footnotes":""},"categories":[73,55],"tags":[],"class_list":["post-84521","post","type-post","status-publish","format-standard","has-post-thumbnail","hentry","category-actualite","category-tunisie"],"_links":{"self":[{"href":"https:\/\/linitiative.ca\/International\/wp-json\/wp\/v2\/posts\/84521","targetHints":{"allow":["GET"]}}],"collection":[{"href":"https:\/\/linitiative.ca\/International\/wp-json\/wp\/v2\/posts"}],"about":[{"href":"https:\/\/linitiative.ca\/International\/wp-json\/wp\/v2\/types\/post"}],"author":[{"embeddable":true,"href":"https:\/\/linitiative.ca\/International\/wp-json\/wp\/v2\/users\/1773"}],"replies":[{"embeddable":true,"href":"https:\/\/linitiative.ca\/International\/wp-json\/wp\/v2\/comments?post=84521"}],"version-history":[{"count":0,"href":"https:\/\/linitiative.ca\/International\/wp-json\/wp\/v2\/posts\/84521\/revisions"}],"wp:featuredmedia":[{"embeddable":true,"href":"https:\/\/linitiative.ca\/International\/wp-json\/"}],"wp:attachment":[{"href":"https:\/\/linitiative.ca\/International\/wp-json\/wp\/v2\/media?parent=84521"}],"wp:term":[{"taxonomy":"category","embeddable":true,"href":"https:\/\/linitiative.ca\/International\/wp-json\/wp\/v2\/categories?post=84521"},{"taxonomy":"post_tag","embeddable":true,"href":"https:\/\/linitiative.ca\/International\/wp-json\/wp\/v2\/tags?post=84521"}],"curies":[{"name":"wp","href":"https:\/\/api.w.org\/{rel}","templated":true}]}}