{"id":84527,"date":"2020-05-06T15:13:15","date_gmt":"2020-05-06T19:13:15","guid":{"rendered":"https:\/\/linitiative.ca\/International\/pros-milan-ac-les-rossoneri-auraient-pris-leur-decision-pour-bennacer\/"},"modified":"2020-05-06T15:13:15","modified_gmt":"2020-05-06T19:13:15","slug":"pros-milan-ac-les-rossoneri-auraient-pris-leur-decision-pour-bennacer","status":"publish","type":"post","link":"https:\/\/linitiative.ca\/International\/pros-milan-ac-les-rossoneri-auraient-pris-leur-decision-pour-bennacer\/","title":{"rendered":"Pros : Milan AC: les Rossoneri auraient pris leur d\u00e9cision pour Bennacer"},"content":{"rendered":"<div readability=\"32\">\n<p>Auteur : <span class=\"time\">mercredi 06 mai 2020 17:14<\/span><\/p>\n<\/div>\n<div id=\"post_core\" readability=\"41\">\n<p>Le prochain mercato du Paris Saint-Germain s\u2019annonce tr\u00e8s mouvement\u00e9. En plus de s\u2019\u00eatre positionn\u00e9 sur de nombreux dossiers chauds comme celui de Thomas Partey ou encore de Miralem Pjanic, Leonardo souhaiterait s\u2019attacher les services de quelques jeunes joueurs pour renforcer l\u2019entrejeu de Thomas Tuchel. Il a ainsi tourn\u00e9 son regard vers la Serie A, championnat qu\u2019il connait tr\u00e8s bien pour avoir \u00e9t\u00e9 directeur sportif du Milan AC, pour enr\u00f4ler les services d\u2019un milieu de terrain. Et c\u2019est notamment Isma\u00ebl Bennacer qui a retenu son attention, mais ce dossier s\u2019annonce compliqu\u00e9&#8230; Selon les informations de Calciomercato.it, le Paris-Saint-Germain aurait coch\u00e9 le nom d\u2019Isma\u00ebl Bennacer pour le prochain mercato. Le jeune Alg\u00e9rien a rejoint le Milan AC apr\u00e8s avoir \u00e9t\u00e9 \u00e9lu meilleur joueur de la derni\u00e8re \u00e9dition de la Coupe d\u2019Afrique des Nations. Le milieu de 22 ans s\u2019est engag\u00e9 avec les Rossoneri jusqu\u2019en 2024 mais ne pourrait donc pas respecter son engagement. Le m\u00e9dia italien rajoute tout de m\u00eame que sauf une offre tr\u00e8s int\u00e9ressante, les dirigeants milanais ne laisseront pas leur joueur partir. Leonardo serait d\u00e9sormais pr\u00e9venu rapporte Le 10 Sport. capitale s\u2019est renseign\u00e9 sur Bennacer.<\/p>\n<p><strong>Publi\u00e9 dans :<\/strong> <span>BENNACER<\/span><\/p>\n<\/div>\n<p>Auteur:<br \/>\n<a href=\"http:\/\/www.lebuteur.com\/article\/detail?titre=milan-ac-les-rossoneri-auraient-pris-leur-decision-pour-bennacer&#038;id=95858&#038;utm_source=feedburner&#038;utm_medium=feed&#038;utm_campaign=Feed%3A+GalerieFArtciles+%28Les+derniers+articles++-+lebuteur.com%29\">Cliquez ici pour lire l&rsquo;article depuis sa source.<\/a><\/p>\n","protected":false},"excerpt":{"rendered":"<p>Auteur : mercredi 06 mai 2020 17:14 Le prochain mercato du Paris Saint-Germain s\u2019annonce tr\u00e8s mouvement\u00e9. En plus de s\u2019\u00eatre positionn\u00e9 sur de nombreux dossiers chauds comme celui de Thomas Partey ou encore de Miralem Pjanic, Leonardo souhaiterait s\u2019attacher les services de quelques jeunes joueurs pour renforcer l\u2019entrejeu de Thomas Tuchel. Il a ainsi tourn\u00e9 [&hellip;]<\/p>\n","protected":false},"author":1738,"featured_media":84528,"comment_status":"closed","ping_status":"closed","sticky":false,"template":"","format":"standard","meta":{"fifu_image_url":"","fifu_image_alt":"","footnotes":""},"categories":[53,75],"tags":[],"class_list":["post-84527","post","type-post","status-publish","format-standard","has-post-thumbnail","hentry","category-algerie","category-sport"],"_links":{"self":[{"href":"https:\/\/linitiative.ca\/International\/wp-json\/wp\/v2\/posts\/84527","targetHints":{"allow":["GET"]}}],"collection":[{"href":"https:\/\/linitiative.ca\/International\/wp-json\/wp\/v2\/posts"}],"about":[{"href":"https:\/\/linitiative.ca\/International\/wp-json\/wp\/v2\/types\/post"}],"author":[{"embeddable":true,"href":"https:\/\/linitiative.ca\/International\/wp-json\/wp\/v2\/users\/1738"}],"replies":[{"embeddable":true,"href":"https:\/\/linitiative.ca\/International\/wp-json\/wp\/v2\/comments?post=84527"}],"version-history":[{"count":0,"href":"https:\/\/linitiative.ca\/International\/wp-json\/wp\/v2\/posts\/84527\/revisions"}],"wp:featuredmedia":[{"embeddable":true,"href":"https:\/\/linitiative.ca\/International\/wp-json\/"}],"wp:attachment":[{"href":"https:\/\/linitiative.ca\/International\/wp-json\/wp\/v2\/media?parent=84527"}],"wp:term":[{"taxonomy":"category","embeddable":true,"href":"https:\/\/linitiative.ca\/International\/wp-json\/wp\/v2\/categories?post=84527"},{"taxonomy":"post_tag","embeddable":true,"href":"https:\/\/linitiative.ca\/International\/wp-json\/wp\/v2\/tags?post=84527"}],"curies":[{"name":"wp","href":"https:\/\/api.w.org\/{rel}","templated":true}]}}