{"id":84531,"date":"2020-05-06T15:13:18","date_gmt":"2020-05-06T19:13:18","guid":{"rendered":"https:\/\/linitiative.ca\/International\/international-bundesliga-angela-merkel-donne-son-accord-pour-une-reprise-en-mai\/"},"modified":"2020-05-06T15:13:18","modified_gmt":"2020-05-06T19:13:18","slug":"international-bundesliga-angela-merkel-donne-son-accord-pour-une-reprise-en-mai","status":"publish","type":"post","link":"https:\/\/linitiative.ca\/International\/international-bundesliga-angela-merkel-donne-son-accord-pour-une-reprise-en-mai\/","title":{"rendered":"International : Bundesliga : Angela Merkel donne son accord pour une reprise en mai !"},"content":{"rendered":"<div readability=\"32\">\n<p>Auteur : <span class=\"time\">mercredi 06 mai 2020 18:59<\/span><\/p>\n<\/div>\n<div id=\"post_core\" readability=\"41\">\n<p>Le jeu va reprendre en Allemagne. Angela Merkel a donn\u00e9 son accord, ce jeudi, pour une reprise de la Bundesliga durant le mois de mai comme l&rsquo;indique Football. Le championnat pourra donc se poursuivre, et aller \u00e0 son terme, avec des rencontres \u00e0 huis clos. La Bundesliga sera le premier des grands championnats europ\u00e9ens \u00e0 repartir apr\u00e8s la crise sanitaire li\u00e9e au coronavirus.<\/p>\n<p><strong>Publi\u00e9 dans :<\/strong> <span>Bundesliga<\/span><\/p>\n<\/div>\n<p>Auteur:<br \/>\n<a href=\"http:\/\/www.lebuteur.com\/article\/detail?titre=bundesliga-angela-merkel-donne-son-accord-pour-une-reprise-en-mai&#038;id=95860&#038;utm_source=feedburner&#038;utm_medium=feed&#038;utm_campaign=Feed%3A+GalerieFArtciles+%28Les+derniers+articles++-+lebuteur.com%29\">Cliquez ici pour lire l&rsquo;article depuis sa source.<\/a><\/p>\n","protected":false},"excerpt":{"rendered":"<p>Auteur : mercredi 06 mai 2020 18:59 Le jeu va reprendre en Allemagne. Angela Merkel a donn\u00e9 son accord, ce jeudi, pour une reprise de la Bundesliga durant le mois de mai comme l&rsquo;indique Football. Le championnat pourra donc se poursuivre, et aller \u00e0 son terme, avec des rencontres \u00e0 huis clos. La Bundesliga sera [&hellip;]<\/p>\n","protected":false},"author":1738,"featured_media":84532,"comment_status":"closed","ping_status":"closed","sticky":false,"template":"","format":"standard","meta":{"fifu_image_url":"","fifu_image_alt":"","footnotes":""},"categories":[53,75],"tags":[],"class_list":["post-84531","post","type-post","status-publish","format-standard","has-post-thumbnail","hentry","category-algerie","category-sport"],"_links":{"self":[{"href":"https:\/\/linitiative.ca\/International\/wp-json\/wp\/v2\/posts\/84531","targetHints":{"allow":["GET"]}}],"collection":[{"href":"https:\/\/linitiative.ca\/International\/wp-json\/wp\/v2\/posts"}],"about":[{"href":"https:\/\/linitiative.ca\/International\/wp-json\/wp\/v2\/types\/post"}],"author":[{"embeddable":true,"href":"https:\/\/linitiative.ca\/International\/wp-json\/wp\/v2\/users\/1738"}],"replies":[{"embeddable":true,"href":"https:\/\/linitiative.ca\/International\/wp-json\/wp\/v2\/comments?post=84531"}],"version-history":[{"count":0,"href":"https:\/\/linitiative.ca\/International\/wp-json\/wp\/v2\/posts\/84531\/revisions"}],"wp:featuredmedia":[{"embeddable":true,"href":"https:\/\/linitiative.ca\/International\/wp-json\/"}],"wp:attachment":[{"href":"https:\/\/linitiative.ca\/International\/wp-json\/wp\/v2\/media?parent=84531"}],"wp:term":[{"taxonomy":"category","embeddable":true,"href":"https:\/\/linitiative.ca\/International\/wp-json\/wp\/v2\/categories?post=84531"},{"taxonomy":"post_tag","embeddable":true,"href":"https:\/\/linitiative.ca\/International\/wp-json\/wp\/v2\/tags?post=84531"}],"curies":[{"name":"wp","href":"https:\/\/api.w.org\/{rel}","templated":true}]}}