{"id":84533,"date":"2020-05-06T15:18:19","date_gmt":"2020-05-06T19:18:19","guid":{"rendered":"https:\/\/linitiative.ca\/International\/commemoration-des-massacres-du-8-mai-1945-des-colloques-historiques-et-scientifiques-au-programme\/"},"modified":"2020-05-06T15:18:19","modified_gmt":"2020-05-06T19:18:19","slug":"commemoration-des-massacres-du-8-mai-1945-des-colloques-historiques-et-scientifiques-au-programme","status":"publish","type":"post","link":"https:\/\/linitiative.ca\/International\/commemoration-des-massacres-du-8-mai-1945-des-colloques-historiques-et-scientifiques-au-programme\/","title":{"rendered":"Comm\u00e9moration des massacres du 8 mai 1945 :  Des colloques historiques et scientifiques au programme"},"content":{"rendered":"<div class=\"TxArtcile\" readability=\"25\">\n<p>Le comit\u00e9 national charg\u00e9 de la c\u00e9l\u00e9bration des journ\u00e9es et des f\u00eates nationales a pr\u00e9par\u00e9, pour la comm\u00e9moration du 75e anniversaire des massacres du 8 Mai 1945, un programme sp\u00e9cial devant \u00eatre publi\u00e9 sur les sites \u00e9lectroniques et les r\u00e9seaux sociaux des institutions relevant du minist\u00e8re des Moudjahidine. Plac\u00e9es sous le th\u00e8me \u00abl&rsquo;Alg\u00e9rie toujours victorieuse\u00bb, les festivit\u00e9s\u00a0 pr\u00e9voient l\u2019organisation, \u00e0 partir d\u2019aujourd\u2019hui, d&rsquo;une s\u00e9rie de conf\u00e9rences et de colloques historiques virtuels sur ces massacres, des s\u00e9ances de diffusion de s\u00e9quences de t\u00e9moignages des personnes ayant v\u00e9cu le traumatisme des massacres et des visites virtuelles des mus\u00e9es du Moudjahid, outre l&rsquo;organisation de concours scientifiques.\u00a0 Ces diff\u00e9rentes activit\u00e9s seront diffus\u00e9es sur le site \u00e9lectronique et la page Facebook du minist\u00e8re des Moudjahidine. De son c\u00f4t\u00e9, le minist\u00e8re de la D\u00e9fense nationale\u00a0 a mis en place un programme pour la c\u00e9l\u00e9bration de cet anniversaire. Il est question de l&rsquo;organisation de colloques historiques au niveau de toutes les R\u00e9gions militaires et la distribution de photos repr\u00e9sentant la symbolique de l&rsquo;\u00e9v\u00e9nement dans les m\u00e9dias relevant de l&rsquo;Arm\u00e9e nationale populaire (ANP). Des articles de presse sur les activit\u00e9s seront \u00e9galement publi\u00e9s sur la revue El Djeich et diffus\u00e9s \u00e0 travers l&rsquo;\u00e9mission t\u00e9l\u00e9vis\u00e9e \u00abWa Akadna El-Azm\u00bb et l&rsquo;\u00e9mission radio \u00abEl Salil\u00bb. Les minist\u00e8res de l&rsquo;Int\u00e9rieur et des Affaires religieuses organiseront plusieurs activit\u00e9s, entre autres, des conf\u00e9rences historiques, des expositions photos et la distinction de nombre de moudjahidine et enfants de Chouhada. Dans ce contexte, les m\u00e9dias publics adapteront leurs grilles de programmes avec cet \u00e9v\u00e8nement en assurant une large couverture des activit\u00e9s organis\u00e9es au niveau national \u00e0 travers les journaux t\u00e9l\u00e9vis\u00e9s, la diffusion de documentaires historiques en invitant des historiens pour cet \u00e9v\u00e8nement historique. Les comptes rendus d&rsquo;activit\u00e9s seront diffus\u00e9s \u00e9galement sur les pages des cha\u00eenes t\u00e9l\u00e9vis\u00e9es publiques, des radios nationales, locales et de l&rsquo;APS.<\/p>\n<\/div>\n<div class=\"ModliArtilUne\">\n<ul>\n<li><strong>Publi\u00e9 dans :<\/strong><\/li>\n<\/ul>\n<\/div>\n<div class=\"MbComIns\" id=\"newcom\" readability=\"5.6940298507463\">\n<h6>DONNEZ VOTRE AVIS<\/h6>\n<p>Il n&rsquo;y a actuellement aucune r\u00e9action \u00e0 cette information. Soyez le premier \u00e0 r\u00e9agir !<\/p>\n<p><a href=\"\" rel=\"#popup\" class=\"login resetbutton\">Identifiez-vous<\/a><a class=\"button\" href=\"http:\/\/www.elmoudjahid.com\/fr\/inscription\/\"><span>S&rsquo;inscrire<\/span><\/a><\/p>\n<\/div>\n<p>Auteur: elmoudjahid<br \/>\n<a href=\"http:\/\/www.elmoudjahid.com\/fr\/actualites\/152889\">Cliquez ici pour lire l&rsquo;article depuis sa source.<\/a><\/p>\n","protected":false},"excerpt":{"rendered":"<p>Le comit\u00e9 national charg\u00e9 de la c\u00e9l\u00e9bration des journ\u00e9es et des f\u00eates nationales a pr\u00e9par\u00e9, pour la comm\u00e9moration du 75e anniversaire des massacres du 8 Mai 1945, un programme sp\u00e9cial devant \u00eatre publi\u00e9 sur les sites \u00e9lectroniques et les r\u00e9seaux sociaux des institutions relevant du minist\u00e8re des Moudjahidine. Plac\u00e9es sous le th\u00e8me \u00abl&rsquo;Alg\u00e9rie toujours victorieuse\u00bb, [&hellip;]<\/p>\n","protected":false},"author":1744,"featured_media":0,"comment_status":"closed","ping_status":"closed","sticky":false,"template":"","format":"standard","meta":{"fifu_image_url":"","fifu_image_alt":"","footnotes":""},"categories":[73,53],"tags":[],"class_list":["post-84533","post","type-post","status-publish","format-standard","hentry","category-actualite","category-algerie"],"_links":{"self":[{"href":"https:\/\/linitiative.ca\/International\/wp-json\/wp\/v2\/posts\/84533","targetHints":{"allow":["GET"]}}],"collection":[{"href":"https:\/\/linitiative.ca\/International\/wp-json\/wp\/v2\/posts"}],"about":[{"href":"https:\/\/linitiative.ca\/International\/wp-json\/wp\/v2\/types\/post"}],"author":[{"embeddable":true,"href":"https:\/\/linitiative.ca\/International\/wp-json\/wp\/v2\/users\/1744"}],"replies":[{"embeddable":true,"href":"https:\/\/linitiative.ca\/International\/wp-json\/wp\/v2\/comments?post=84533"}],"version-history":[{"count":0,"href":"https:\/\/linitiative.ca\/International\/wp-json\/wp\/v2\/posts\/84533\/revisions"}],"wp:attachment":[{"href":"https:\/\/linitiative.ca\/International\/wp-json\/wp\/v2\/media?parent=84533"}],"wp:term":[{"taxonomy":"category","embeddable":true,"href":"https:\/\/linitiative.ca\/International\/wp-json\/wp\/v2\/categories?post=84533"},{"taxonomy":"post_tag","embeddable":true,"href":"https:\/\/linitiative.ca\/International\/wp-json\/wp\/v2\/tags?post=84533"}],"curies":[{"name":"wp","href":"https:\/\/api.w.org\/{rel}","templated":true}]}}