{"id":84534,"date":"2020-05-06T15:18:21","date_gmt":"2020-05-06T19:18:21","guid":{"rendered":"https:\/\/linitiative.ca\/International\/jijel-un-element-de-soutien-aux-groupes-terroristes-apprehende\/"},"modified":"2020-05-06T15:18:21","modified_gmt":"2020-05-06T19:18:21","slug":"jijel-un-element-de-soutien-aux-groupes-terroristes-apprehende","status":"publish","type":"post","link":"https:\/\/linitiative.ca\/International\/jijel-un-element-de-soutien-aux-groupes-terroristes-apprehende\/","title":{"rendered":"Jijel  : Un \u00e9l\u00e9ment de soutien aux groupes terroristes appr\u00e9hend\u00e9"},"content":{"rendered":"<div class=\"TxArtcile\" readability=\"30\">\n<p>\u00abDans le cadre de la lutte antiterroriste et gr\u00e2ce \u00e0 l\u2019exploitation de renseignements, un d\u00e9tachement combin\u00e9 de l&rsquo;Arm\u00e9e nationale populaire a appr\u00e9hend\u00e9, le 5 mai 2020, un (1) \u00e9l\u00e9ment de soutien aux groupes terroristes \u00e0 Jijel en 5e R\u00e9gion militaire\u00bb, a indiqu\u00e9 hier le minist\u00e8re de la D\u00e9fense nationale dans un communiqu\u00e9.<br \/>\u00abDans le cadre de la lutte contre la contrebande et la criminalit\u00e9 organis\u00e9e, et dans la dynamique des op\u00e9rations visant \u00e0 endiguer la propagation du fl\u00e9au de narcotrafic dans notre pays, des Garde-fronti\u00e8res ont arr\u00eat\u00e9, lors de patrouilles de recherche et de reconnaissance men\u00e9es pr\u00e8s des fronti\u00e8res \u00e0 Tlemcen en 2e R\u00e9gion militaire, neuf narcotrafiquants et saisi une grande quantit\u00e9 de kif trait\u00e9 s&rsquo;\u00e9levant \u00e0 3 quintaux et 30,45 kg, tandis que des \u00e9l\u00e9ments de la Gendarmerie nationale ont intercept\u00e9, dans la m\u00eame r\u00e9gion, un narcotrafiquant \u00e0 bord d&rsquo;un v\u00e9hicule touristique charg\u00e9 de cinq kg de la m\u00eame substance\u00bb, ajoute le communiqu\u00e9.<br \/>Dans le m\u00eame contexte, un d\u00e9tachement combin\u00e9 de l&rsquo;Arm\u00e9e nationale populaire a appr\u00e9hend\u00e9, \u00e0 Bechar en 3e R\u00e9gion militaire, \u00abcinq narcotrafiquants et saisi 33,5 kg de kif trait\u00e9 et 2 v\u00e9hicules touristiques, alors que des \u00e9l\u00e9ments de la Gendarmerie nationale ont saisi 10,5 kg de kif trait\u00e9 d\u00e9tenus par 3 narcotrafiquants qui \u00e9taient \u00e0 bord de 2 v\u00e9hicules touristiques \u00e0 A\u00efn Defla en 1\u00e8re R\u00e9gion militaire\u00bb, conclut le MDN.\u00a0<br \/>\u00a0<\/p>\n<\/div>\n<div class=\"ModliArtilUne\">\n<ul>\n<li><strong>Publi\u00e9 dans :<\/strong><\/li>\n<\/ul>\n<\/div>\n<div class=\"MbComIns\" id=\"newcom\" readability=\"5.6940298507463\">\n<h6>DONNEZ VOTRE AVIS<\/h6>\n<p>Il n&rsquo;y a actuellement aucune r\u00e9action \u00e0 cette information. Soyez le premier \u00e0 r\u00e9agir !<\/p>\n<p><a href=\"\" rel=\"#popup\" class=\"login resetbutton\">Identifiez-vous<\/a><a class=\"button\" href=\"http:\/\/www.elmoudjahid.com\/fr\/inscription\/\"><span>S&rsquo;inscrire<\/span><\/a><\/p>\n<\/div>\n<p>Auteur: elmoudjahid<br \/>\n<a href=\"http:\/\/www.elmoudjahid.com\/fr\/actualites\/152890\">Cliquez ici pour lire l&rsquo;article depuis sa source.<\/a><\/p>\n","protected":false},"excerpt":{"rendered":"<p>\u00abDans le cadre de la lutte antiterroriste et gr\u00e2ce \u00e0 l\u2019exploitation de renseignements, un d\u00e9tachement combin\u00e9 de l&rsquo;Arm\u00e9e nationale populaire a appr\u00e9hend\u00e9, le 5 mai 2020, un (1) \u00e9l\u00e9ment de soutien aux groupes terroristes \u00e0 Jijel en 5e R\u00e9gion militaire\u00bb, a indiqu\u00e9 hier le minist\u00e8re de la D\u00e9fense nationale dans un communiqu\u00e9.\u00abDans le cadre de [&hellip;]<\/p>\n","protected":false},"author":1744,"featured_media":0,"comment_status":"closed","ping_status":"closed","sticky":false,"template":"","format":"standard","meta":{"fifu_image_url":"","fifu_image_alt":"","footnotes":""},"categories":[73,53],"tags":[],"class_list":["post-84534","post","type-post","status-publish","format-standard","hentry","category-actualite","category-algerie"],"_links":{"self":[{"href":"https:\/\/linitiative.ca\/International\/wp-json\/wp\/v2\/posts\/84534","targetHints":{"allow":["GET"]}}],"collection":[{"href":"https:\/\/linitiative.ca\/International\/wp-json\/wp\/v2\/posts"}],"about":[{"href":"https:\/\/linitiative.ca\/International\/wp-json\/wp\/v2\/types\/post"}],"author":[{"embeddable":true,"href":"https:\/\/linitiative.ca\/International\/wp-json\/wp\/v2\/users\/1744"}],"replies":[{"embeddable":true,"href":"https:\/\/linitiative.ca\/International\/wp-json\/wp\/v2\/comments?post=84534"}],"version-history":[{"count":0,"href":"https:\/\/linitiative.ca\/International\/wp-json\/wp\/v2\/posts\/84534\/revisions"}],"wp:attachment":[{"href":"https:\/\/linitiative.ca\/International\/wp-json\/wp\/v2\/media?parent=84534"}],"wp:term":[{"taxonomy":"category","embeddable":true,"href":"https:\/\/linitiative.ca\/International\/wp-json\/wp\/v2\/categories?post=84534"},{"taxonomy":"post_tag","embeddable":true,"href":"https:\/\/linitiative.ca\/International\/wp-json\/wp\/v2\/tags?post=84534"}],"curies":[{"name":"wp","href":"https:\/\/api.w.org\/{rel}","templated":true}]}}