{"id":84535,"date":"2020-05-06T15:18:23","date_gmt":"2020-05-06T19:18:23","guid":{"rendered":"https:\/\/linitiative.ca\/International\/avant-projet-damendement-de-la-constitution-la-premiere-mouture-distribuee-aujourdhui\/"},"modified":"2020-05-06T15:18:23","modified_gmt":"2020-05-06T19:18:23","slug":"avant-projet-damendement-de-la-constitution-la-premiere-mouture-distribuee-aujourdhui","status":"publish","type":"post","link":"https:\/\/linitiative.ca\/International\/avant-projet-damendement-de-la-constitution-la-premiere-mouture-distribuee-aujourdhui\/","title":{"rendered":"Avant-projet d\u2019amendement de la Constitution  : La premi\u00e8re mouture distribu\u00e9e aujourd\u2019hui"},"content":{"rendered":"<p>Le Pr\u00e9sident, Abdelmadjid Tebboune, a mis en exergue, vendredi dernier, \u00abl\u2019imp\u00e9ratif de passer \u00e0 la vitesse sup\u00e9rieure dans le changement politique en vue de parvenir \u00e0 des institutions fortes et nouvelles de l\u2019Etat alg\u00e9rien\u00bb.\u00a0<br \/>Dans ce cadre, la premi\u00e8re mouture du projet d\u2019amendement de la Constitution sera distribu\u00e9e aujourd\u2019hui, au plus tard en d\u00e9but de semaine, a indiqu\u00e9, hier, Mohamed Laagab, charg\u00e9 de mission \u00e0 la pr\u00e9sidence de la R\u00e9publique. Le charg\u00e9 de mission \u00e0 la pr\u00e9sidence de la R\u00e9publique, Mohamed Laagab, dans une d\u00e9claration \u00e0 El Moudjahid, a soulign\u00e9 que \u00abla mouture sera distribu\u00e9e aux partis politiques, aux associations de la soci\u00e9t\u00e9 civile, aux syndicats, aux personnalit\u00e9s politiques et nationales , aux enseignants universitaires et aux m\u00e9dias\u00bb. Il a estim\u00e9 que le confinement sanitaire permettra d\u2019assurer un large et riche d\u00e9bat pour aboutir \u00e0 une Constitution consensuelle qui consolidera les libert\u00e9s, la justice sociale et pr\u00e9servera l\u2019unit\u00e9 nationale conform\u00e9ment aux engagements du pr\u00e9sident de la R\u00e9publique.<br \/>Lors de son entrevue avec les responsables de m\u00e9dias nationaux, le chef de l\u2019Etat a annonc\u00e9 avoir donn\u00e9 des instructions pour entamer l\u2019impression de la mouture de la r\u00e9vision de la Constitution. Cette d\u00e9marche, a-t-il expliqu\u00e9, vise \u00e0 \u00ab\u00e9viter la perte de temps m\u00eame en cas de prolongement du confinement impos\u00e9 la propagation du Covid-19\u00bb. Le 24 mars dernier, le Pr\u00e9sident Tebboune a re\u00e7u le pr\u00e9sident du Comit\u00e9 d&rsquo;experts charg\u00e9 de formuler des propositions pour la r\u00e9vision de la Constitution, le professeur Ahmed Laraba, qui lui a remis la mouture de l&rsquo;avant-projet sur les amendements propos\u00e9s par le Comit\u00e9. \u00ab Vu la conjoncture que vit le pays, en raison de la pand\u00e9mie du Coronavirus, la distribution de ce document a \u00e9t\u00e9 report\u00e9e jusqu&rsquo;\u00e0 l&rsquo;am\u00e9lioration de la situation\u00bb avait indiqu\u00e9 la pr\u00e9sidence de la r\u00e9publique. A l&rsquo;issue des d\u00e9bats la mouture sera soumise de nouveau au Comit\u00e9 des experts, lequel apportera les amendements et les modifications propos\u00e9s avant de soumettre le texte au Parlement puis \u00e0 un r\u00e9f\u00e9rendum populaire. Toutefois, les d\u00e9lais seront fix\u00e9s plus tard, selon l\u2019\u00e9volution de la situation sanitaire. Le Comit\u00e9 d&rsquo;experts a \u00e9t\u00e9 install\u00e9 le 8 janvier 2020 et r\u00e9parti en sept groupes de travail, conform\u00e9ment aux sept axes contenus dans la lettre de mission adress\u00e9e par le chef de l&rsquo;Etat au Comit\u00e9.<br \/>Le Chef de l&rsquo;Etat avait trac\u00e9 dans cette lettre adress\u00e9e au pr\u00e9sident de la commission, sept axes de propositions et recommandations autour desquels le Comit\u00e9 doit mener sa r\u00e9flexion. Elles consistent essentiellement en le renforcement des droits et libert\u00e9s des citoyens, la moralisation de la vie publique, la lutte contre la corruption, la consolidation de la s\u00e9paration et de l&rsquo;\u00e9quilibre des pouvoirs, le renforcement du pouvoir de contr\u00f4le du Parlement, la consolidation de l&rsquo;ind\u00e9pendance du pouvoir judiciaire, la consolidation de l&rsquo;\u00e9galit\u00e9 des citoyens devant la loi et la cons\u00e9cration constitutionnelle des m\u00e9canismes d&rsquo;organisation des \u00e9lections.<br \/><strong>Neila Benrahal<\/strong><\/p>\n<p>Auteur: elmoudjahid<br \/>\n<a href=\"http:\/\/www.elmoudjahid.com\/fr\/actualites\/152891\">Cliquez ici pour lire l&rsquo;article depuis sa source.<\/a><\/p>\n","protected":false},"excerpt":{"rendered":"<p>Le Pr\u00e9sident, Abdelmadjid Tebboune, a mis en exergue, vendredi dernier, \u00abl\u2019imp\u00e9ratif de passer \u00e0 la vitesse sup\u00e9rieure dans le changement politique en vue de parvenir \u00e0 des institutions fortes et nouvelles de l\u2019Etat alg\u00e9rien\u00bb.\u00a0Dans ce cadre, la premi\u00e8re mouture du projet d\u2019amendement de la Constitution sera distribu\u00e9e aujourd\u2019hui, au plus tard en d\u00e9but de semaine, [&hellip;]<\/p>\n","protected":false},"author":1744,"featured_media":0,"comment_status":"closed","ping_status":"closed","sticky":false,"template":"","format":"standard","meta":{"fifu_image_url":"","fifu_image_alt":"","footnotes":""},"categories":[73,53],"tags":[],"class_list":["post-84535","post","type-post","status-publish","format-standard","hentry","category-actualite","category-algerie"],"_links":{"self":[{"href":"https:\/\/linitiative.ca\/International\/wp-json\/wp\/v2\/posts\/84535","targetHints":{"allow":["GET"]}}],"collection":[{"href":"https:\/\/linitiative.ca\/International\/wp-json\/wp\/v2\/posts"}],"about":[{"href":"https:\/\/linitiative.ca\/International\/wp-json\/wp\/v2\/types\/post"}],"author":[{"embeddable":true,"href":"https:\/\/linitiative.ca\/International\/wp-json\/wp\/v2\/users\/1744"}],"replies":[{"embeddable":true,"href":"https:\/\/linitiative.ca\/International\/wp-json\/wp\/v2\/comments?post=84535"}],"version-history":[{"count":0,"href":"https:\/\/linitiative.ca\/International\/wp-json\/wp\/v2\/posts\/84535\/revisions"}],"wp:attachment":[{"href":"https:\/\/linitiative.ca\/International\/wp-json\/wp\/v2\/media?parent=84535"}],"wp:term":[{"taxonomy":"category","embeddable":true,"href":"https:\/\/linitiative.ca\/International\/wp-json\/wp\/v2\/categories?post=84535"},{"taxonomy":"post_tag","embeddable":true,"href":"https:\/\/linitiative.ca\/International\/wp-json\/wp\/v2\/tags?post=84535"}],"curies":[{"name":"wp","href":"https:\/\/api.w.org\/{rel}","templated":true}]}}