{"id":84536,"date":"2020-05-06T15:18:26","date_gmt":"2020-05-06T19:18:26","guid":{"rendered":"https:\/\/linitiative.ca\/International\/solidarite-nationale-oeuvrer-a-lintegration-sociale-des-sans-abris\/"},"modified":"2020-05-06T15:18:26","modified_gmt":"2020-05-06T19:18:26","slug":"solidarite-nationale-oeuvrer-a-lintegration-sociale-des-sans-abris","status":"publish","type":"post","link":"https:\/\/linitiative.ca\/International\/solidarite-nationale-oeuvrer-a-lintegration-sociale-des-sans-abris\/","title":{"rendered":"Solidarit\u00e9 nationale  :  \u0152uvrer \u00e0 l&rsquo;int\u00e9gration sociale des sans-abris"},"content":{"rendered":"<div class=\"TxArtcile\" readability=\"29\">\n<p>La ministre de la Solidarit\u00e9 nationale, de la Famille et de la Condition de la femme, Kaoutar Krikou, a affirm\u00e9 mardi dernier, \u00e0 Alger, que son d\u00e9partement \u0153uvre \u00e0 l&rsquo;int\u00e9gration sociale des sans-abris se trouvant au niveau des centres d&rsquo;h\u00e9bergement relevant du secteur. Dans une d\u00e9claration \u00e0 la presse, lors d\u2019une visite au centre d&rsquo;h\u00e9bergement d&rsquo;urgence de Dely Ibrahim, la ministre a fait savoir que le secteur \u00abveille \u00e0 offrir les prestations indispensables au niveau de ce centre en sus du suivi m\u00e9dical et psychiatrique \u00e0 travers la mobilisation de tous les moyens mat\u00e9riels et humains afin d&rsquo;assurer l&rsquo;int\u00e9gration sociale de cette cat\u00e9gorie\u00bb.<br \/>Au centre d&rsquo;h\u00e9bergement o\u00f9 elle s&rsquo;est enquit des conditions d&rsquo;h\u00e9bergement durant le mois de Ramadhan, Mme Krikou a mis en avant l\u2019attachement au respect des mesures pr\u00e9ventives au sein des centres relevant du secteur, dont les foyers pour personnes \u00e2g\u00e9es (FPA), les centres d&rsquo;enfance et Diar-Errahma, \u00e0 travers notamment l&rsquo;organisation de campagnes de d\u00e9sinfection.<br \/>La ministre a visit\u00e9 \u00e9galement la Cantine centrale Ferhat-Saliha sise \u00e0 Sidi M&rsquo;hamed relevant de l&rsquo;entreprise Brisco (wilaya d&rsquo;Alger), o\u00f9 elle s&rsquo;est enquit de la pr\u00e9paration des repas destin\u00e9s aux centres pour les sans-abris \u00e0 Alger.<br \/>Mme Krikou a fait \u00e9tat, dans ce<br \/>sens, de 15.000 repas distribu\u00e9s<br \/>depuis le d\u00e9but du confinement<br \/>aux sans-abris \u00e0 Alger, saluant le r\u00f4le de la soci\u00e9t\u00e9 civile dans l&rsquo;accompagnement<br \/>des cat\u00e9gories vuln\u00e9rables et des sans-abris.<br \/>Le secteur de la Solidarit\u00e9 nationale, a-t-elle ajout\u00e9, soutient les efforts des associations activant dans le domaine de la prise en charge des personnes vuln\u00e9rables, soulignant que la prise en charge de ces cat\u00e9gories rel\u00e8ve de la responsabilit\u00e9 de tout un chacun.<br \/>A cette occasion, la ministre a appel\u00e9 les associations et les citoyens \u00e0 signaler les personnes sans-abris dans le but de les prendre en charge notamment en ces circonstances exceptionnelles que traverse le pays en raison de la pand\u00e9mie Covid-19.<\/p>\n<\/div>\n<div class=\"ModliArtilUne\">\n<ul>\n<li><strong>Publi\u00e9 dans :<\/strong><\/li>\n<\/ul>\n<\/div>\n<div class=\"MbComIns\" id=\"newcom\" readability=\"5.6940298507463\">\n<h6>DONNEZ VOTRE AVIS<\/h6>\n<p>Il n&rsquo;y a actuellement aucune r\u00e9action \u00e0 cette information. Soyez le premier \u00e0 r\u00e9agir !<\/p>\n<p><a href=\"\" rel=\"#popup\" class=\"login resetbutton\">Identifiez-vous<\/a><a class=\"button\" href=\"http:\/\/www.elmoudjahid.com\/fr\/inscription\/\"><span>S&rsquo;inscrire<\/span><\/a><\/p>\n<\/div>\n<p>Auteur: elmoudjahid<br \/>\n<a href=\"http:\/\/www.elmoudjahid.com\/fr\/actualites\/152892\">Cliquez ici pour lire l&rsquo;article depuis sa source.<\/a><\/p>\n","protected":false},"excerpt":{"rendered":"<p>La ministre de la Solidarit\u00e9 nationale, de la Famille et de la Condition de la femme, Kaoutar Krikou, a affirm\u00e9 mardi dernier, \u00e0 Alger, que son d\u00e9partement \u0153uvre \u00e0 l&rsquo;int\u00e9gration sociale des sans-abris se trouvant au niveau des centres d&rsquo;h\u00e9bergement relevant du secteur. Dans une d\u00e9claration \u00e0 la presse, lors d\u2019une visite au centre d&rsquo;h\u00e9bergement [&hellip;]<\/p>\n","protected":false},"author":1744,"featured_media":0,"comment_status":"closed","ping_status":"closed","sticky":false,"template":"","format":"standard","meta":{"fifu_image_url":"","fifu_image_alt":"","footnotes":""},"categories":[73,53],"tags":[],"class_list":["post-84536","post","type-post","status-publish","format-standard","hentry","category-actualite","category-algerie"],"_links":{"self":[{"href":"https:\/\/linitiative.ca\/International\/wp-json\/wp\/v2\/posts\/84536","targetHints":{"allow":["GET"]}}],"collection":[{"href":"https:\/\/linitiative.ca\/International\/wp-json\/wp\/v2\/posts"}],"about":[{"href":"https:\/\/linitiative.ca\/International\/wp-json\/wp\/v2\/types\/post"}],"author":[{"embeddable":true,"href":"https:\/\/linitiative.ca\/International\/wp-json\/wp\/v2\/users\/1744"}],"replies":[{"embeddable":true,"href":"https:\/\/linitiative.ca\/International\/wp-json\/wp\/v2\/comments?post=84536"}],"version-history":[{"count":0,"href":"https:\/\/linitiative.ca\/International\/wp-json\/wp\/v2\/posts\/84536\/revisions"}],"wp:attachment":[{"href":"https:\/\/linitiative.ca\/International\/wp-json\/wp\/v2\/media?parent=84536"}],"wp:term":[{"taxonomy":"category","embeddable":true,"href":"https:\/\/linitiative.ca\/International\/wp-json\/wp\/v2\/categories?post=84536"},{"taxonomy":"post_tag","embeddable":true,"href":"https:\/\/linitiative.ca\/International\/wp-json\/wp\/v2\/tags?post=84536"}],"curies":[{"name":"wp","href":"https:\/\/api.w.org\/{rel}","templated":true}]}}