{"id":84541,"date":"2020-05-06T13:54:00","date_gmt":"2020-05-06T17:54:00","guid":{"rendered":"https:\/\/linitiative.ca\/International\/des-journalistes-denoncent-une-emission-sur-echourouk-tv\/"},"modified":"2020-05-06T13:54:00","modified_gmt":"2020-05-06T17:54:00","slug":"des-journalistes-denoncent-une-emission-sur-echourouk-tv","status":"publish","type":"post","link":"https:\/\/linitiative.ca\/International\/des-journalistes-denoncent-une-emission-sur-echourouk-tv\/","title":{"rendered":"Des journalistes d\u00e9noncent une \u00e9mission sur Echourouk TV"},"content":{"rendered":"<p><br id=\"sep_para_1\" class=\"sep_para access\"\/><\/p>\n<div id=\"para_1\" class=\"para_36823782 resize\">\n<div class=\"photo shadow left\"><a href=\"javascript:void(0)\" rel=\"https:\/\/www.reflexiondz.net\/photo\/art\/grande\/45780545-36823782.jpg?v=1588791582&amp;ibox\" title=\"Des journalistes d\u00e9noncent une \u00e9mission sur Echourouk TV\"><img decoding=\"async\" class=\"responsive c9\" src=\"https:\/\/www.reflexiondz.net\/photo\/art\/grande\/45780545-36823782.jpg?v=1588791582\" alt=\"Des journalistes d\u00e9noncent une \u00e9mission sur Echourouk TV\" title=\"Des journalistes d\u00e9noncent une \u00e9mission sur Echourouk TV\"\/><img decoding=\"async\" class=\"not-responsive\" src=\"https:\/\/www.reflexiondz.net\/photo\/art\/default\/45780545-36823782.jpg?v=1588791583\" alt=\"Des journalistes d\u00e9noncent une \u00e9mission sur Echourouk TV\" title=\"Des journalistes d\u00e9noncent une \u00e9mission sur Echourouk TV\"\/><\/a><\/div>\n<div class=\"texte access firstletter\">Des journalistes de la cha\u00eene II de la Radio nationale et ceux de la t\u00e9l\u00e9vision publique TV 4 ont adress\u00e9 un courrier de d\u00e9nonciation \u00e0 Mohamed Louber, pr\u00e9sident de l\u2019Autorit\u00e9 de r\u00e9gulation de l\u2019audiovisuel (ARAV). Dans leur document, ils d\u00e9noncent une \u00e9mission diffus\u00e9e par Echorouk TV qui a trait\u00e9 dans son num\u00e9ro diffus\u00e9 le 3 mai dernier, la soci\u00e9t\u00e9 targuie, pr\u00e9sent\u00e9e dans cette \u00e9mission comme \u00ab soci\u00e9t\u00e9 d\u00e9pass\u00e9e et archa\u00efque \u00bb. \u00ab Dans cette \u00e9mission, ils se sont attaqu\u00e9s \u00e0 la soci\u00e9t\u00e9 targuie qu\u2019ils ont qualifi\u00e9 de tous les noms \u00bb, d\u00e9noncent les signataires du document. \u00ab L\u2019\u00e9mission a \u00e9t\u00e9 diffus\u00e9e le 3 mai dernier et a trait\u00e9 de la soci\u00e9t\u00e9 targuie avec un angle qui l\u2019a pr\u00e9sente comme soci\u00e9t\u00e9 d\u00e9prav\u00e9e et archa\u00efque \u00bb, pr\u00e9cisent-ils, ajoutant que l\u2019animatrice de l\u2019\u00e9mission, en traitant les coutumes et les traditions de cette composante du peuple alg\u00e9rien \u00ab a donn\u00e9 de fausses informations \u00bb et a mis en avant \u00ab des traditions \u00e9trang\u00e8res \u00e0 la soci\u00e9t\u00e9 targuie pour soutenir son propos et la pr\u00e9senter sous ses aspects les plus d\u00e9mod\u00e9s \u00bb. \u00ab Attenter \u00e0 l\u2019honneur et \u00e0 la dignit\u00e9 des citoyens est en contradiction avec l\u2019\u00e9thique et la d\u00e9ontologie du m\u00e9tier de journaliste \u00bb, ont-ils ajout\u00e9, estimant que l\u2019Arav \u00ab doit r\u00e9agir pour mettre fin \u00e0 ces agissements qui attentent \u00e0 des parties du peuple alg\u00e9rien et qui menacent sa coh\u00e9sion \u00bb. Ils ont inform\u00e9 qu\u2019une copie du document a \u00e9t\u00e9 remise au ministre de la Communication, porte-parole du gouvernement.<\/div>\n<\/div>\n<p>Auteur: R\u00e9flexion<br \/>\n<a href=\"https:\/\/www.reflexiondz.net\/Des-journalistes-denoncent-une-emission-sur-Echourouk-TV_a62545.html\">Cliquez ici pour lire l&rsquo;article depuis sa source.<\/a><\/p>\n","protected":false},"excerpt":{"rendered":"<p>Des journalistes de la cha\u00eene II de la Radio nationale et ceux de la t\u00e9l\u00e9vision publique TV 4 ont adress\u00e9 un courrier de d\u00e9nonciation \u00e0 Mohamed Louber, pr\u00e9sident de l\u2019Autorit\u00e9 de r\u00e9gulation de l\u2019audiovisuel (ARAV). Dans leur document, ils d\u00e9noncent une \u00e9mission diffus\u00e9e par Echorouk TV qui a trait\u00e9 dans son num\u00e9ro diffus\u00e9 le 3 [&hellip;]<\/p>\n","protected":false},"author":1740,"featured_media":0,"comment_status":"closed","ping_status":"closed","sticky":false,"template":"","format":"standard","meta":{"fifu_image_url":"","fifu_image_alt":"","footnotes":""},"categories":[53,76],"tags":[],"class_list":["post-84541","post","type-post","status-publish","format-standard","hentry","category-algerie","category-regions"],"_links":{"self":[{"href":"https:\/\/linitiative.ca\/International\/wp-json\/wp\/v2\/posts\/84541","targetHints":{"allow":["GET"]}}],"collection":[{"href":"https:\/\/linitiative.ca\/International\/wp-json\/wp\/v2\/posts"}],"about":[{"href":"https:\/\/linitiative.ca\/International\/wp-json\/wp\/v2\/types\/post"}],"author":[{"embeddable":true,"href":"https:\/\/linitiative.ca\/International\/wp-json\/wp\/v2\/users\/1740"}],"replies":[{"embeddable":true,"href":"https:\/\/linitiative.ca\/International\/wp-json\/wp\/v2\/comments?post=84541"}],"version-history":[{"count":0,"href":"https:\/\/linitiative.ca\/International\/wp-json\/wp\/v2\/posts\/84541\/revisions"}],"wp:attachment":[{"href":"https:\/\/linitiative.ca\/International\/wp-json\/wp\/v2\/media?parent=84541"}],"wp:term":[{"taxonomy":"category","embeddable":true,"href":"https:\/\/linitiative.ca\/International\/wp-json\/wp\/v2\/categories?post=84541"},{"taxonomy":"post_tag","embeddable":true,"href":"https:\/\/linitiative.ca\/International\/wp-json\/wp\/v2\/tags?post=84541"}],"curies":[{"name":"wp","href":"https:\/\/api.w.org\/{rel}","templated":true}]}}