{"id":84542,"date":"2020-05-06T13:54:00","date_gmt":"2020-05-06T17:54:00","guid":{"rendered":"https:\/\/linitiative.ca\/International\/commerce-plus-de-42000-infractions-enregistrees\/"},"modified":"2020-05-06T13:54:00","modified_gmt":"2020-05-06T17:54:00","slug":"commerce-plus-de-42000-infractions-enregistrees","status":"publish","type":"post","link":"https:\/\/linitiative.ca\/International\/commerce-plus-de-42000-infractions-enregistrees\/","title":{"rendered":"COMMERCE : Plus de 42000 infractions enregistr\u00e9es"},"content":{"rendered":"<p><br id=\"sep_para_1\" class=\"sep_para access\"\/><\/p>\n<div id=\"para_1\" class=\"para_36823763 resize\">\n<div class=\"texte access firstletter\">Plus de 42.000 infractions commerciales ont \u00e9t\u00e9 enregistr\u00e9es par les services du minist\u00e8re du Commerce durant le premier trimestre de l&rsquo;ann\u00e9e en cours, a indiqu\u00e9 mardi \u00e0 Alger, un responsable au minist\u00e8re du Commerce. \u00ab\u00a0Selon le bilan consolid\u00e9 des trois premiers mois de cette ann\u00e9e, les services du minist\u00e8re du commerce ont enregistr\u00e9 42.104 infractions\u00a0\u00bb, a pr\u00e9cis\u00e9 le directeur g\u00e9n\u00e9ral de la r\u00e9gulation et de l&rsquo;organisation des march\u00e9s au minist\u00e8re du Commerce, Sami El Koli lors de son passage \u00e0 l\u2019\u00e9mission, invit\u00e9 de la r\u00e9daction, de la chaine III de la Radio nationale. Ces infractions ont \u00e9t\u00e9 d\u00e9couvertes suite aux 407.000 interventions effectu\u00e9es par les services de contr\u00f4le \u00e0 travers le pays, ayant permis l&rsquo;\u00e9laboration de 33.444 proc\u00e8s-verbaux de poursuites judiciaires, ainsi que 4.020 fermetures administratives pour diff\u00e9rentes raisons, d\u00e9taille le m\u00eame responsable. Quant au chiffre d\u2019affaires dissimul\u00e9 des transactions commerciales non factur\u00e9es, il a atteint les 2,6 milliards de dinars durant les trois premiers mois de 2020, selon M. Koli le qualifiant d\u2019\u00a0\u00bbimportant\u00a0\u00bb. Il a aussi fait \u00e9tat, de la saisie de marchandises diverses totalisant un montant de 2,8 milliards de dinars. Il s\u2019agit de quantit\u00e9s importantes de denr\u00e9es alimentaires, lesquelles ont \u00e9t\u00e9 confi\u00e9es aux autorit\u00e9s de wilayas pour \u00eatre distribu\u00e9es aux personnes dans le besoin dans les zones d\u2019ombre, selon ce responsable. A noter que ces infractions ont \u00e9t\u00e9 enregistr\u00e9es dans un contexte marqu\u00e9 par une forte tension sur quelques produits alimentaires provoqu\u00e9e par la pand\u00e9mie de Covid-19.<\/div>\n<\/div>\n<p>Auteur: Ismain<br \/>\n<a href=\"https:\/\/www.reflexiondz.net\/COMMERCE-Plus-de-42000-infractions-enregistrees_a62542.html\">Cliquez ici pour lire l&rsquo;article depuis sa source.<\/a><\/p>\n","protected":false},"excerpt":{"rendered":"<p>Plus de 42.000 infractions commerciales ont \u00e9t\u00e9 enregistr\u00e9es par les services du minist\u00e8re du Commerce durant le premier trimestre de l&rsquo;ann\u00e9e en cours, a indiqu\u00e9 mardi \u00e0 Alger, un responsable au minist\u00e8re du Commerce. \u00ab\u00a0Selon le bilan consolid\u00e9 des trois premiers mois de cette ann\u00e9e, les services du minist\u00e8re du commerce ont enregistr\u00e9 42.104 infractions\u00a0\u00bb, [&hellip;]<\/p>\n","protected":false},"author":1740,"featured_media":0,"comment_status":"closed","ping_status":"closed","sticky":false,"template":"","format":"standard","meta":{"fifu_image_url":"","fifu_image_alt":"","footnotes":""},"categories":[53,76],"tags":[],"class_list":["post-84542","post","type-post","status-publish","format-standard","hentry","category-algerie","category-regions"],"_links":{"self":[{"href":"https:\/\/linitiative.ca\/International\/wp-json\/wp\/v2\/posts\/84542","targetHints":{"allow":["GET"]}}],"collection":[{"href":"https:\/\/linitiative.ca\/International\/wp-json\/wp\/v2\/posts"}],"about":[{"href":"https:\/\/linitiative.ca\/International\/wp-json\/wp\/v2\/types\/post"}],"author":[{"embeddable":true,"href":"https:\/\/linitiative.ca\/International\/wp-json\/wp\/v2\/users\/1740"}],"replies":[{"embeddable":true,"href":"https:\/\/linitiative.ca\/International\/wp-json\/wp\/v2\/comments?post=84542"}],"version-history":[{"count":0,"href":"https:\/\/linitiative.ca\/International\/wp-json\/wp\/v2\/posts\/84542\/revisions"}],"wp:attachment":[{"href":"https:\/\/linitiative.ca\/International\/wp-json\/wp\/v2\/media?parent=84542"}],"wp:term":[{"taxonomy":"category","embeddable":true,"href":"https:\/\/linitiative.ca\/International\/wp-json\/wp\/v2\/categories?post=84542"},{"taxonomy":"post_tag","embeddable":true,"href":"https:\/\/linitiative.ca\/International\/wp-json\/wp\/v2\/tags?post=84542"}],"curies":[{"name":"wp","href":"https:\/\/api.w.org\/{rel}","templated":true}]}}