{"id":84543,"date":"2020-05-06T13:54:00","date_gmt":"2020-05-06T17:54:00","guid":{"rendered":"https:\/\/linitiative.ca\/International\/total-perd-les-actifs-petroliers-danadarko-en-algerie\/"},"modified":"2020-05-06T13:54:00","modified_gmt":"2020-05-06T17:54:00","slug":"total-perd-les-actifs-petroliers-danadarko-en-algerie","status":"publish","type":"post","link":"https:\/\/linitiative.ca\/International\/total-perd-les-actifs-petroliers-danadarko-en-algerie\/","title":{"rendered":"Total perd les actifs p\u00e9troliers d\u2019Anadarko en Alg\u00e9rie"},"content":{"rendered":"<p><br id=\"sep_para_1\" class=\"sep_para access\"\/><\/p>\n<div id=\"para_1\" class=\"para_36823788 resize\">\n<div class=\"texte access firstletter\">Le pr\u00e9sident-directeur g\u00e9n\u00e9ral de l\u2019entreprise p\u00e9troli\u00e8re et gazi\u00e8re fran\u00e7aise priv\u00e9e Total, Patrick Pouyann\u00e9 a annonc\u00e9 que le groupe a \u00e9chou\u00e9 dans l\u2019acquisition des actifs p\u00e9troliers et gaziers d\u2019Anadarko en Alg\u00e9rie. En effet, le m\u00eame cadre a annonc\u00e9 lors d\u2019une conf\u00e9rence t\u00e9l\u00e9phonique avec des analystes apr\u00e8s la publication des r\u00e9sultats trimestriels du groupe que :\u00a0 \u00ab Occidental nous a officiellement dit que nous ne pourrions pas acqu\u00e9rir les actifs en Alg\u00e9rie \u00bb. A noter que , Total a conclu en mai 2019 un accord avec l\u2019am\u00e9ricain Occidental Petroleum en vue du rachat pour 8,8 milliards de dollars (8,1 milliards d\u2019euros) des actifs p\u00e9troliers et gaziers d\u2019Anadarko en Alg\u00e9rie, au Ghana, au Mozambique et en Afrique du Sud, dans le cadre d\u2019une OPA d\u2019Occidental Petroleum sur Anadarko. Pour rappel, l\u2019Alg\u00e9rie via son ministre de l\u2019\u00e9nergie Mohamed Arkab avait indiqu\u00e9 en d\u00e9cembre dernier que sa compagnie publique Sonatrach allait exercer son droit de pr\u00e9emption sur les actifs d\u2019Anadarko.<\/div>\n<\/div>\n<p>Auteur: R\u00e9flexion<br \/>\n<a href=\"https:\/\/www.reflexiondz.net\/Total-perd-les-actifs-petroliers-d-Anadarko-en-Algerie_a62547.html\">Cliquez ici pour lire l&rsquo;article depuis sa source.<\/a><\/p>\n","protected":false},"excerpt":{"rendered":"<p>Le pr\u00e9sident-directeur g\u00e9n\u00e9ral de l\u2019entreprise p\u00e9troli\u00e8re et gazi\u00e8re fran\u00e7aise priv\u00e9e Total, Patrick Pouyann\u00e9 a annonc\u00e9 que le groupe a \u00e9chou\u00e9 dans l\u2019acquisition des actifs p\u00e9troliers et gaziers d\u2019Anadarko en Alg\u00e9rie. En effet, le m\u00eame cadre a annonc\u00e9 lors d\u2019une conf\u00e9rence t\u00e9l\u00e9phonique avec des analystes apr\u00e8s la publication des r\u00e9sultats trimestriels du groupe que :\u00a0 \u00ab [&hellip;]<\/p>\n","protected":false},"author":1740,"featured_media":0,"comment_status":"closed","ping_status":"closed","sticky":false,"template":"","format":"standard","meta":{"fifu_image_url":"","fifu_image_alt":"","footnotes":""},"categories":[53,76],"tags":[],"class_list":["post-84543","post","type-post","status-publish","format-standard","hentry","category-algerie","category-regions"],"_links":{"self":[{"href":"https:\/\/linitiative.ca\/International\/wp-json\/wp\/v2\/posts\/84543","targetHints":{"allow":["GET"]}}],"collection":[{"href":"https:\/\/linitiative.ca\/International\/wp-json\/wp\/v2\/posts"}],"about":[{"href":"https:\/\/linitiative.ca\/International\/wp-json\/wp\/v2\/types\/post"}],"author":[{"embeddable":true,"href":"https:\/\/linitiative.ca\/International\/wp-json\/wp\/v2\/users\/1740"}],"replies":[{"embeddable":true,"href":"https:\/\/linitiative.ca\/International\/wp-json\/wp\/v2\/comments?post=84543"}],"version-history":[{"count":0,"href":"https:\/\/linitiative.ca\/International\/wp-json\/wp\/v2\/posts\/84543\/revisions"}],"wp:attachment":[{"href":"https:\/\/linitiative.ca\/International\/wp-json\/wp\/v2\/media?parent=84543"}],"wp:term":[{"taxonomy":"category","embeddable":true,"href":"https:\/\/linitiative.ca\/International\/wp-json\/wp\/v2\/categories?post=84543"},{"taxonomy":"post_tag","embeddable":true,"href":"https:\/\/linitiative.ca\/International\/wp-json\/wp\/v2\/tags?post=84543"}],"curies":[{"name":"wp","href":"https:\/\/api.w.org\/{rel}","templated":true}]}}