{"id":84544,"date":"2020-05-06T13:54:00","date_gmt":"2020-05-06T17:54:00","guid":{"rendered":"https:\/\/linitiative.ca\/International\/le-ministre-de-lhabitat-affirme-les-programmes-de-logements-se-poursuivront-sur-plusieurs-phases\/"},"modified":"2020-05-06T13:54:00","modified_gmt":"2020-05-06T17:54:00","slug":"le-ministre-de-lhabitat-affirme-les-programmes-de-logements-se-poursuivront-sur-plusieurs-phases","status":"publish","type":"post","link":"https:\/\/linitiative.ca\/International\/le-ministre-de-lhabitat-affirme-les-programmes-de-logements-se-poursuivront-sur-plusieurs-phases\/","title":{"rendered":"LE MINISTRE DE L\u2019HABITAT AFFIRME  : Les programmes de  logements se poursuivront  sur plusieurs phases"},"content":{"rendered":"<p><br id=\"sep_para_1\" class=\"sep_para access\"\/><\/p>\n<div id=\"para_1\" class=\"para_36823769 resize\">\n<div class=\"texte access firstletter\">Le ministre de l&rsquo;Habitat, de l&rsquo;Urbanisme et de la Ville, Kamel Nasri, a affirm\u00e9 \u00e0 Blida que les programmes de logements se poursuivront et seront concr\u00e9tis\u00e9s sur plusieurs phases. \u00ab\u00a0Les programmes de logements se poursuivront et leur concr\u00e9tisation se fera sur plusieurs phases\u00a0\u00bb, a pr\u00e9cis\u00e9 M. Nasri, en r\u00e9ponse \u00e0 une question de l&rsquo;APS, en marge de sa visite de travail dans la wilaya de Blida, ajoutant que \u00ab\u00a0la premi\u00e8re phase consiste en le parach\u00e8vement du programme en cours (900.000 unit\u00e9s)\u00a0\u00bb. \u00ab\u00a0Nous avons \u00e9galement le programme quinquennal pour la r\u00e9alisation d&rsquo;un million de logements et dont nous entamerons prochainement les pr\u00e9paratifs en ses diff\u00e9rentes formules\u00a0\u00bb, a-t-il poursuivi. Concernant la reprise des chantiers de construction de logements apr\u00e8s leur suspension dans le cadre des efforts visant \u00e0 enrayer la propagation du Coronavirus, le ministre a indiqu\u00e9 que \u00ab\u00a0la relance des travaux a d\u00e9j\u00e0 eu lieu et nous sommes venus \u00e0 Blida pour constater cela sur le terrain\u00a0\u00bb. Soulignant que \u00ab\u00a0la derni\u00e8re instruction relative \u00e0 la reprise des travaux a port\u00e9 sur l\u2019am\u00e9nagement ext\u00e9rieur des projets de logements\u00a0\u00bb, le ministre a mis l\u2019accent sur l\u2019imp\u00e9ratif de prendre toutes les mesures de s\u00e9curit\u00e9 n\u00e9cessaires et de distanciation sociale, car nous sommes toujours en guerre contre le Coronavirus et nous devons faire preuve de vigilance\u00a0\u00bb, a-t-il dit. Par ailleurs, le ministre a expliqu\u00e9 concernant les appels \u00e0 l&rsquo;augmentation des quotas de logements, toutes formules confondues, que \u00ab\u00a0toutes les demandes des citoyens au niveau national seront \u00e9tudi\u00e9es et \u00e9valu\u00e9es en coordination avec le minist\u00e8re de l&rsquo;Int\u00e9rieur, et une \u00e9tude prospective avec v\u00e9rification de toutes les demandes\u00a0\u00bb.<\/div>\n<\/div>\n<p>Auteur: Ismain<br \/>\n<a href=\"https:\/\/www.reflexiondz.net\/LE-MINISTRE-DE-L-HABITAT-AFFIRME-Les-programmes-de-logements-se-poursuivront-sur-plusieurs-phases_a62543.html\">Cliquez ici pour lire l&rsquo;article depuis sa source.<\/a><\/p>\n","protected":false},"excerpt":{"rendered":"<p>Le ministre de l&rsquo;Habitat, de l&rsquo;Urbanisme et de la Ville, Kamel Nasri, a affirm\u00e9 \u00e0 Blida que les programmes de logements se poursuivront et seront concr\u00e9tis\u00e9s sur plusieurs phases. \u00ab\u00a0Les programmes de logements se poursuivront et leur concr\u00e9tisation se fera sur plusieurs phases\u00a0\u00bb, a pr\u00e9cis\u00e9 M. Nasri, en r\u00e9ponse \u00e0 une question de l&rsquo;APS, en [&hellip;]<\/p>\n","protected":false},"author":1740,"featured_media":0,"comment_status":"closed","ping_status":"closed","sticky":false,"template":"","format":"standard","meta":{"fifu_image_url":"","fifu_image_alt":"","footnotes":""},"categories":[53,76],"tags":[],"class_list":["post-84544","post","type-post","status-publish","format-standard","hentry","category-algerie","category-regions"],"_links":{"self":[{"href":"https:\/\/linitiative.ca\/International\/wp-json\/wp\/v2\/posts\/84544","targetHints":{"allow":["GET"]}}],"collection":[{"href":"https:\/\/linitiative.ca\/International\/wp-json\/wp\/v2\/posts"}],"about":[{"href":"https:\/\/linitiative.ca\/International\/wp-json\/wp\/v2\/types\/post"}],"author":[{"embeddable":true,"href":"https:\/\/linitiative.ca\/International\/wp-json\/wp\/v2\/users\/1740"}],"replies":[{"embeddable":true,"href":"https:\/\/linitiative.ca\/International\/wp-json\/wp\/v2\/comments?post=84544"}],"version-history":[{"count":0,"href":"https:\/\/linitiative.ca\/International\/wp-json\/wp\/v2\/posts\/84544\/revisions"}],"wp:attachment":[{"href":"https:\/\/linitiative.ca\/International\/wp-json\/wp\/v2\/media?parent=84544"}],"wp:term":[{"taxonomy":"category","embeddable":true,"href":"https:\/\/linitiative.ca\/International\/wp-json\/wp\/v2\/categories?post=84544"},{"taxonomy":"post_tag","embeddable":true,"href":"https:\/\/linitiative.ca\/International\/wp-json\/wp\/v2\/tags?post=84544"}],"curies":[{"name":"wp","href":"https:\/\/api.w.org\/{rel}","templated":true}]}}