{"id":84551,"date":"2020-05-06T08:38:00","date_gmt":"2020-05-06T12:38:00","guid":{"rendered":"https:\/\/linitiative.ca\/International\/pr-rafik-boujdaria-le-chef-des-urgences-a-lariana-cette-crise-a-revele-de-nombreux-talents-album-photos\/"},"modified":"2020-05-06T08:38:00","modified_gmt":"2020-05-06T12:38:00","slug":"pr-rafik-boujdaria-le-chef-des-urgences-a-lariana-cette-crise-a-revele-de-nombreux-talents-album-photos","status":"publish","type":"post","link":"https:\/\/linitiative.ca\/International\/pr-rafik-boujdaria-le-chef-des-urgences-a-lariana-cette-crise-a-revele-de-nombreux-talents-album-photos\/","title":{"rendered":"Pr Rafik Boujdaria: Le chef des urgences \u00e0 l&rsquo;Ariana : cette crise a r\u00e9v\u00e9l\u00e9 de nombreux talents (Album photos)"},"content":{"rendered":"<p>Professeur en m\u00e9decine interne, option r\u00e9animation m\u00e9dicale, chef des urgences, il est en toute premi\u00e8re ligne. A la t\u00eate d\u2019une unit\u00e9 d\u2019hospitalisation de courte dur\u00e9e, en service d\u2019accueil et d\u2019orientation imm\u00e9diate, avec deux lits de d\u00e9choquage, il est en\u00a0 alerte 24 heures sur 24, 7 jours sur 7. L\u2019\u00e9quipe compte 5 m\u00e9decins : Drs Rafik Boujdaria, Mondher Soussi, Rim Bouattour, Sonia Chtourou et Ha\u00effa Lazaar, avec 10 r\u00e9sidents en m\u00e9decine, et une vingtaine de param\u00e9dicaux, techniciens et agents.<\/p>\n<p>Depuis que l\u2019h\u00f4pital Abderrahamen-Mami a \u00e9t\u00e9 d\u00e9clar\u00e9 h\u00f4pital de r\u00e9f\u00e9rence pour le Covid-19, dit-il \u00e0 Leaders, une mutualisation a \u00e9t\u00e9 engag\u00e9e entre les services des urgences de l\u2019h\u00f4pital Mahmoud-El Matri, si proche. D\u2019embl\u00e9e, nous avons adopt\u00e9 en collaboration avec tous les services de pneumologie et de r\u00e9animation, ainsi que les autres services et intervenants, comme le Samu, les m\u00e9decins de premi\u00e8re ligne et la Protection civile, deux circuits distincts sp\u00e9cial Covid+ et non-Covid, avec la base des \u00e9l\u00e9ments de suspicion de contamination et un triage de score de gravit\u00e9.<\/p>\n<p>Les \u00e9quipements techniques ont \u00e9t\u00e9 renforc\u00e9s, les personnels de sant\u00e9 ont \u00e9t\u00e9 red\u00e9ploy\u00e9s, les \u00e9quipes redimensionn\u00e9es, les tableaux de garde ajust\u00e9s et autres initiatives.<\/p>\n<p>Pour tous les intervenants en premi\u00e8re ligne, le r\u00e9f\u00e9rent du circuit Covid+ est l\u2019h\u00f4pital El Matri. Tous les cas lui sont signal\u00e9s. Une lourde responsabilit\u00e9 \u00e9choit alors \u00e0 l\u2019\u00e9quipe des urgences qui est \u00e9galement en charge de pr\u00eater main-forte aux autres confr\u00e8res.<\/p>\n<p>La prise en charge des patients suspect\u00e9s d\u2019infection au Covid-19 est effectu\u00e9e par les m\u00e9decins de premi\u00e8re ligne. D\u00e8s que les premiers sympt\u00f4mes sont av\u00e9r\u00e9s, ils sont adress\u00e9s \u00e0 l\u2019h\u00f4pital El Matri, pour un diagnostic de confirmation : analyse PCR (R\u00e9action en cha\u00eene par polym\u00e9rase) et scanner thoracique. En fonction de la gravit\u00e9 de son \u00e9tat, le patient sera orient\u00e9 vers le service de traitement appropri\u00e9. Les cas graves sont admis en r\u00e9animation. Les moyennement graves sont pris en charge par les services de pneumologie, alors que ceux qui pr\u00e9sentent des cas non inqui\u00e9tants seront invit\u00e9s \u00e0 rester \u00e0 domicile sous suivi continu du SAMU. Toute la relation se fait de m\u00e9decin \u00e0 m\u00e9decin, dans l\u2019int\u00e9r\u00eat du patient.<\/p>\n<p><span class=\"c4\"><span class=\"c3\"><strong>Une nouvelle industrie sant\u00e9 est n\u00e9e<\/strong><\/span><\/span><\/p>\n<p>Nous sommes appel\u00e9s \u00e0 nous investir en un m\u00eame corps, toutes sp\u00e9cialit\u00e9s, grades et prestations de sant\u00e9 confondus, en coordination et confiance. Cette grave crise n\u00e9cessite des solutions transversales avec un leadership fort et perspicace. Elle nous rappelle cependant que nous avons en Tunisie \u00e9norm\u00e9ment de talents, hypermotiv\u00e9s. Les blouses blanches, mais aussi les autres m\u00e9tiers invisibles qui les soutiennent hors des h\u00f4pitaux. Ces startuppeurs qui d\u00e9veloppent des applications utiles, assurent la maintenance et la r\u00e9paration des \u00e9quipements m\u00e9dicaux, r\u00e9parent des appareils de ventilation et des lits cass\u00e9s, fabriquent des masques. Toute une nouvelle industrie de la sant\u00e9 est n\u00e9e.<\/p>\n<p>J\u2019ai d\u00e9couvert un immense engagement citoyen, la g\u00e9n\u00e9rosit\u00e9 des dons, selon des circuits transparents. Des femmes et des hommes d\u2019exception qui nous pr\u00eatent main-forte \u00e0 tous les niveaux. Ce que nous pouvons gagner dans cette rude \u00e9preuve, c\u2019est de capitaliser sur tous ces talents, tous ces \u00e9lans. Nous devons ouvrir nos h\u00f4pitaux aux ing\u00e9nieurs, aux techniciens, \u00e0 la soci\u00e9t\u00e9 civile pour leur permettre d\u2019apporter leur soutien si b\u00e9n\u00e9fique.<\/p>\n<p><strong>Lire aussi<\/strong><\/p>\n<p><span class=\"c5\"><strong>\u2022<\/strong><\/span> <a href=\"https:\/\/www.leaders.com.tn\/article\/29859-en-direct-de-la-ligne-de-front-ces-heros-tous-en-blouses-blanches\" target=\"_blank\" rel=\"noopener noreferrer\">En direct de la ligne de front: Ces h\u00e9ros tous en blouses blanches (Album photos)<\/a><\/p>\n<p><span class=\"c5\"><strong>\u2022<\/strong><\/span> <a href=\"https:\/\/www.leaders.com.tn\/article\/29855-pr-mohamed-besbes-maintenir-le-souffle-pour-maintenir-la-vie\" target=\"_blank\" rel=\"noopener noreferrer\">Pr Mohamed Besbes, Chef de Service de r\u00e9animation m\u00e9dicale, \u00e0 l&rsquo;h\u00f4pital Abderrahmen Mami : Maintenir le souffle, pour maintenir la vie (Album Photos)<\/a><\/p>\n<p><span class=\"c5\"><strong>\u2022<\/strong><\/span> <a href=\"https:\/\/www.leaders.com.tn\/article\/29856-pr-agnes-hamzaoui-sur-les-pas-du-pr-brahim-gharbi\" target=\"_blank\" rel=\"noopener noreferrer\">Pr Agn\u00e8s Hamzaoui: Sur les pas du Pr Brahim Gharbi (Album Photos)<\/a><br \/>\u00a0<\/p>\n<p>Auteur:<br \/>\n<a href=\"https:\/\/www.leaders.com.tn\/article\/29865-pr-rafik-boujdaria-le-chef-des-urgences-album-photos\">Cliquez ici pour lire l&rsquo;article depuis sa source.<\/a><\/p>\n","protected":false},"excerpt":{"rendered":"<p>Professeur en m\u00e9decine interne, option r\u00e9animation m\u00e9dicale, chef des urgences, il est en toute premi\u00e8re ligne. A la t\u00eate d\u2019une unit\u00e9 d\u2019hospitalisation de courte dur\u00e9e, en service d\u2019accueil et d\u2019orientation imm\u00e9diate, avec deux lits de d\u00e9choquage, il est en\u00a0 alerte 24 heures sur 24, 7 jours sur 7. L\u2019\u00e9quipe compte 5 m\u00e9decins : Drs Rafik [&hellip;]<\/p>\n","protected":false},"author":1772,"featured_media":0,"comment_status":"closed","ping_status":"closed","sticky":false,"template":"","format":"standard","meta":{"fifu_image_url":"","fifu_image_alt":"","footnotes":""},"categories":[73,55],"tags":[],"class_list":["post-84551","post","type-post","status-publish","format-standard","hentry","category-actualite","category-tunisie"],"_links":{"self":[{"href":"https:\/\/linitiative.ca\/International\/wp-json\/wp\/v2\/posts\/84551","targetHints":{"allow":["GET"]}}],"collection":[{"href":"https:\/\/linitiative.ca\/International\/wp-json\/wp\/v2\/posts"}],"about":[{"href":"https:\/\/linitiative.ca\/International\/wp-json\/wp\/v2\/types\/post"}],"author":[{"embeddable":true,"href":"https:\/\/linitiative.ca\/International\/wp-json\/wp\/v2\/users\/1772"}],"replies":[{"embeddable":true,"href":"https:\/\/linitiative.ca\/International\/wp-json\/wp\/v2\/comments?post=84551"}],"version-history":[{"count":0,"href":"https:\/\/linitiative.ca\/International\/wp-json\/wp\/v2\/posts\/84551\/revisions"}],"wp:attachment":[{"href":"https:\/\/linitiative.ca\/International\/wp-json\/wp\/v2\/media?parent=84551"}],"wp:term":[{"taxonomy":"category","embeddable":true,"href":"https:\/\/linitiative.ca\/International\/wp-json\/wp\/v2\/categories?post=84551"},{"taxonomy":"post_tag","embeddable":true,"href":"https:\/\/linitiative.ca\/International\/wp-json\/wp\/v2\/tags?post=84551"}],"curies":[{"name":"wp","href":"https:\/\/api.w.org\/{rel}","templated":true}]}}