{"id":84552,"date":"2020-05-06T08:58:00","date_gmt":"2020-05-06T12:58:00","guid":{"rendered":"https:\/\/linitiative.ca\/International\/smart-tunisie-signe-un-accord-de-distribution-avec-fortinet-pour-la-tunisie\/"},"modified":"2020-05-06T08:58:00","modified_gmt":"2020-05-06T12:58:00","slug":"smart-tunisie-signe-un-accord-de-distribution-avec-fortinet-pour-la-tunisie","status":"publish","type":"post","link":"https:\/\/linitiative.ca\/International\/smart-tunisie-signe-un-accord-de-distribution-avec-fortinet-pour-la-tunisie\/","title":{"rendered":"Smart Tunisie signe un accord de distribution avec Fortinet pour la Tunisie"},"content":{"rendered":"<p>Smart Tunisie, leader de la distribution de produits et solutions IT en Tunisie, annonce la signature d\u2019un accord de distribution avec Fortinet sur le territoire tunisien.<\/p>\n<p>Fortinet, un des leaders mondiaux de solutions de cyber s\u00e9curit\u00e9 globales, automatis\u00e9es et int\u00e9gr\u00e9es, a pour mission de fournir une s\u00e9curit\u00e9 r\u00e9seau innovante et performante tout en simplifiant l\u2019infrastructure IT.<\/p>\n<p>Ce partenariat permettra \u00e0 Fortinet de renforcer sa pr\u00e9sence en Tunisie en s\u2019appuyant sur Smart Tunisie connu pour son large r\u00e9seau de partenaires et son exp\u00e9rience de plus de 20 ans dans le secteur IT.<\/p>\n<p>Pour Smart Tunisie, cet accord vient compl\u00e9ter son portefeuille avec une large gamme de solutions consolidant ainsi parfaitement sa strat\u00e9gie de One-Stop-Shop.<\/p>\n<p>\u00ab Cet accord est une grande fiert\u00e9 pour notre entreprise, qui est toujours apte \u00e0 proposer des solutions informatiques compl\u00e8tes et \u00e0 la pointe de la technologie. Gr\u00e2ce \u00e0 ce partenariat, nous pourrons non seulement r\u00e9pondre d\u2019une mani\u00e8re plus efficace aux besoins des revendeurs avec des offres globales mais aussi les aider \u00e0 accompagner leurs clients dans leur transformation digitale, \u00bb d\u00e9clare Abdelwaheb Essafi, Pr\u00e9sident Directeur G\u00e9n\u00e9ral de Smart Tunisie.<\/p>\n<p>Auteur:<br \/>\n<a href=\"https:\/\/www.leaders.com.tn\/article\/29866-smart-tunisie-signe-un-accord-de-distribution-avec-fortinet-pour-la-tunisie\">Cliquez ici pour lire l&rsquo;article depuis sa source.<\/a><\/p>\n","protected":false},"excerpt":{"rendered":"<p>Smart Tunisie, leader de la distribution de produits et solutions IT en Tunisie, annonce la signature d\u2019un accord de distribution avec Fortinet sur le territoire tunisien. Fortinet, un des leaders mondiaux de solutions de cyber s\u00e9curit\u00e9 globales, automatis\u00e9es et int\u00e9gr\u00e9es, a pour mission de fournir une s\u00e9curit\u00e9 r\u00e9seau innovante et performante tout en simplifiant l\u2019infrastructure [&hellip;]<\/p>\n","protected":false},"author":1772,"featured_media":0,"comment_status":"closed","ping_status":"closed","sticky":false,"template":"","format":"standard","meta":{"fifu_image_url":"","fifu_image_alt":"","footnotes":""},"categories":[73,55],"tags":[],"class_list":["post-84552","post","type-post","status-publish","format-standard","hentry","category-actualite","category-tunisie"],"_links":{"self":[{"href":"https:\/\/linitiative.ca\/International\/wp-json\/wp\/v2\/posts\/84552","targetHints":{"allow":["GET"]}}],"collection":[{"href":"https:\/\/linitiative.ca\/International\/wp-json\/wp\/v2\/posts"}],"about":[{"href":"https:\/\/linitiative.ca\/International\/wp-json\/wp\/v2\/types\/post"}],"author":[{"embeddable":true,"href":"https:\/\/linitiative.ca\/International\/wp-json\/wp\/v2\/users\/1772"}],"replies":[{"embeddable":true,"href":"https:\/\/linitiative.ca\/International\/wp-json\/wp\/v2\/comments?post=84552"}],"version-history":[{"count":0,"href":"https:\/\/linitiative.ca\/International\/wp-json\/wp\/v2\/posts\/84552\/revisions"}],"wp:attachment":[{"href":"https:\/\/linitiative.ca\/International\/wp-json\/wp\/v2\/media?parent=84552"}],"wp:term":[{"taxonomy":"category","embeddable":true,"href":"https:\/\/linitiative.ca\/International\/wp-json\/wp\/v2\/categories?post=84552"},{"taxonomy":"post_tag","embeddable":true,"href":"https:\/\/linitiative.ca\/International\/wp-json\/wp\/v2\/tags?post=84552"}],"curies":[{"name":"wp","href":"https:\/\/api.w.org\/{rel}","templated":true}]}}