{"id":84553,"date":"2020-05-06T09:38:00","date_gmt":"2020-05-06T13:38:00","guid":{"rendered":"https:\/\/linitiative.ca\/International\/le-dur-double-combat-du-pr-amira-jamoussi-album-photos\/"},"modified":"2020-05-06T09:38:00","modified_gmt":"2020-05-06T13:38:00","slug":"le-dur-double-combat-du-pr-amira-jamoussi-album-photos","status":"publish","type":"post","link":"https:\/\/linitiative.ca\/International\/le-dur-double-combat-du-pr-amira-jamoussi-album-photos\/","title":{"rendered":"Le dur double combat du Pr Amira Jamoussi (Album Photos)"},"content":{"rendered":"<p>C\u2019est la totale, pour Pr Amira Jamoussi, professeur agr\u00e9g\u00e9e au service de r\u00e9animation m\u00e9dicale, \u00e0 l\u2019h\u00f4pital Abderrahmen-Mami. Le combat en direct, l\u2019autoconfinement, seule pour \u00e9viter toute infection aux siens et le ramadan. Comme nombre de ses coll\u00e8gues, elle aussi n\u2019a pas vu son conjoint, ses enfants, ses parents depuis plus d\u2019un mois et demi. Elle aussi n\u2019a pas eu le bonheur de serrer entre les bras ses enfants en bas \u00e2ge. Elle aussi doit s\u2019occuper seule de tout, sans aide-m\u00e9nag\u00e8re, lors des quelques moments de r\u00e9pit qui s\u2019offrent \u00e0 elle. L\u2019AFP vient de lui consacrer,\u00a0 elle et ses coll\u00e8gues, un reportage, repris en plusieurs langues aux quatre coins du monde. Le quotidien parisien catholique La Croix la cite en exemple en ce mois du ramadan.<\/p>\n<p>\u00ab J\u2019ai fini par avoir deux vies que j\u2019essaye de ne pas laisser se t\u00e9lescoper, confie-t-elle \u00e0 Leaders. D\u00e8s que j\u2019enfile m\u00e9ticuleusement ma tenue, lourde, suffocante, en v\u00e9rifiant chaque d\u00e9tail, je m\u2019\u00e9lance \u00e0 l\u2019int\u00e9rieur du service. Et c\u2019est parti pour de longues heures de garde, en continu, en toute vigilance. En franchissant le seuil, je m\u2019efforce de ne garder en t\u00eate que mes patients. De toute mon \u00e9nergie, je m\u2019ing\u00e9nie avec mes coll\u00e8gues \u00e0 sauver des vies, et all\u00e9ger les souffrances des patients et de leurs familles, en leur apportant le r\u00e9confort psychologique n\u00e9cessaire. \u00bb<\/p>\n<p>\u00ab Je n\u2019oublierai jamais cette dame \u00e2g\u00e9e, tr\u00e8s d\u00e9prim\u00e9e, accroch\u00e9e \u00e0 son tube de respiration artificielle, \u00e0 bout de force. En temps normal, on organise des entretiens avec la famille, mais c\u2019est tr\u00e8s difficile dans le contexte actuel. On demande alors \u00e0 la famille de nous d\u00e9signer une personne de confiance pour les tenir inform\u00e9s de l\u2019\u00e9volution de l\u2019\u00e9tat de sant\u00e9 de la patiente.\u00a0 Avec sa fille d\u00e9sign\u00e9e \u00e0 cet effet, nous avons convenu d\u2019organiser pour elle plusieurs appels t\u00e9l\u00e9phoniques en vid\u00e9o. Il fallait bien pr\u00e9parer ce contact pour la r\u00e9conforter. L\u2019\u00e9motion \u00e9tait tr\u00e8s forte. Et c\u2019\u00e9tait merveilleux. Une dose incomparable d\u2019oxyg\u00e8ne affectueux qui a rapidement sorti la patiente de sa d\u00e9pression, lui a redonn\u00e9 envie de s\u2019accrocher \u00e0 la vie et elle y est parvenue. C\u2019\u00e9tait tr\u00e8s satisfaisant. Vous ne pouvez pas imaginer tout le bonheur que nous avons ressenti \u00e0 son chevet lorsque nous lui avons retir\u00e9 le tube, et encore plus, lorsque gu\u00e9rie nous l\u2019avons accompagn\u00e9e jusqu\u2019\u00e0 son domicile via l\u2019ambulance de l\u2019h\u00f4pital. \u00bb<\/p>\n<p>\u00ab Ce genre de moments forts nous galvanisent, ajoute Pr Jamoussi. Ces petits et grands gestes de consid\u00e9ration, de reconnaissance, de solidarit\u00e9 nous rappellent l\u2019autre face de notre mission : le bonheur de l\u2019accomplir. \u00bb<\/p>\n<p>\u00ab Ma seconde vie, poursuit Pr Amira Jamoussi, commence lorsque, ext\u00e9nu\u00e9e par une journ\u00e9e et une nuit de garde, j\u2019enl\u00e8ve ma tenue en respectant toutes les consignes en la mati\u00e8re. Cette \u00e9tape finale, \u00e0 la fois salvatrice et terrifiante, est une manipulation potentiellement contaminante qui me prend encore de longues minutes d\u2019attention. Je me sens alors comme affranchie de son poids lourd qui me pesait et m\u2019\u00e9touffait. La d\u00e9compression devait alors commencer, je n\u2019ai plus h\u00e2te qu\u2019\u00e0 rentrer chez\u00a0 moi. J\u2019ai la chance d\u2019avoir confin\u00e9 ma famille chez les parents pour les \u00e9pargner des risques que je pourrais prendre, mais aussi la solitude de me retrouver dans un grand vide. J\u2019ai essay\u00e9 d\u2019oublier mon travail, mes patients, mes coll\u00e8gues, ou plut\u00f4t de les rel\u00e9guer, provisoirement, dans une seconde m\u00e9moire, pour me consacrer \u00e0 moi, aux miens. Cette d\u00e9compression est indispensable pour se relaxer et recharger les batteries. Je reprends alors contact avec la vie hors du champ de bataille, avec ma famille, mes proches, je retrouve mes habitudes, mes lectures, le suivi de l\u2019actualit\u00e9 dans les m\u00e9dias\u2026 Mais tant d\u2019occupations savoureuses ne m\u2019emp\u00eachent pas de r\u00e9fl\u00e9chir \u00e0 la vie, \u00e0 mon engagement dans la m\u00e9decine, \u00e0 ma d\u00e9termination \u00e0 soigner, sauver, servir\u2026 Au d\u00e9triment des miens. Tout repasse dans ma t\u00eate, avec mille questions, mille r\u00e9ponses et autant de non-r\u00e9ponses\u2026 \u00bb<\/p>\n<p>\u00ab T\u00f4t le lendemain matin, je me pr\u00e9pare \u00e0 repartir \u00e0 l\u2019h\u00f4pital, sur la ligne de front pour, de toutes mes forces, gagner de nouvelles batailles, humblement. \u00bb. Un t\u00e9moignage haletant.<\/p>\n<p><strong>Lire aussi<\/strong><\/p>\n<p><span class=\"c3\"><strong>\u2022<\/strong><\/span> <a href=\"https:\/\/www.leaders.com.tn\/article\/29865-pr-rafik-boujdaria-le-chef-des-urgences-album-photos\" target=\"_blank\" rel=\"noopener noreferrer\">Pr Rafik Boujdaria: Le chef des urgences \u00e0 l&rsquo;Ariana (Album photos)<\/a><\/p>\n<p><span class=\"c3\"><strong>\u2022<\/strong><\/span> <a href=\"https:\/\/www.leaders.com.tn\/article\/29859-en-direct-de-la-ligne-de-front-ces-heros-tous-en-blouses-blanches\" target=\"_blank\" rel=\"noopener noreferrer\">En direct de la ligne de front: Ces h\u00e9ros tous en blouses blanches (Album photos)<\/a><\/p>\n<p><span class=\"c3\"><strong>\u2022<\/strong><\/span> <a href=\"https:\/\/www.leaders.com.tn\/article\/29855-pr-mohamed-besbes-maintenir-le-souffle-pour-maintenir-la-vie\" target=\"_blank\" rel=\"noopener noreferrer\">Pr Mohamed Besbes, Chef de Service de r\u00e9animation m\u00e9dicale, \u00e0 l&rsquo;h\u00f4pital Abderrahmen Mami : Maintenir le souffle, pour maintenir la vie (Album Photos)<\/a><\/p>\n<p><span class=\"c3\"><strong>\u2022<\/strong><\/span> <a href=\"https:\/\/www.leaders.com.tn\/article\/29856-pr-agnes-hamzaoui-sur-les-pas-du-pr-brahim-gharbi\" target=\"_blank\" rel=\"noopener noreferrer\">Pr Agn\u00e8s Hamzaoui: Sur les pas du Pr Brahim Gharbi (Album Photos)<\/a><br \/>\u00a0<\/p>\n<p>\u00a0<\/p>\n<p>Auteur:<br \/>\n<a href=\"https:\/\/www.leaders.com.tn\/article\/29867-le-dur-double-combat-du-pr-amira-jamoussi\">Cliquez ici pour lire l&rsquo;article depuis sa source.<\/a><\/p>\n","protected":false},"excerpt":{"rendered":"<p>C\u2019est la totale, pour Pr Amira Jamoussi, professeur agr\u00e9g\u00e9e au service de r\u00e9animation m\u00e9dicale, \u00e0 l\u2019h\u00f4pital Abderrahmen-Mami. Le combat en direct, l\u2019autoconfinement, seule pour \u00e9viter toute infection aux siens et le ramadan. Comme nombre de ses coll\u00e8gues, elle aussi n\u2019a pas vu son conjoint, ses enfants, ses parents depuis plus d\u2019un mois et demi. Elle [&hellip;]<\/p>\n","protected":false},"author":1772,"featured_media":0,"comment_status":"closed","ping_status":"closed","sticky":false,"template":"","format":"standard","meta":{"fifu_image_url":"","fifu_image_alt":"","footnotes":""},"categories":[73,55],"tags":[],"class_list":["post-84553","post","type-post","status-publish","format-standard","hentry","category-actualite","category-tunisie"],"_links":{"self":[{"href":"https:\/\/linitiative.ca\/International\/wp-json\/wp\/v2\/posts\/84553","targetHints":{"allow":["GET"]}}],"collection":[{"href":"https:\/\/linitiative.ca\/International\/wp-json\/wp\/v2\/posts"}],"about":[{"href":"https:\/\/linitiative.ca\/International\/wp-json\/wp\/v2\/types\/post"}],"author":[{"embeddable":true,"href":"https:\/\/linitiative.ca\/International\/wp-json\/wp\/v2\/users\/1772"}],"replies":[{"embeddable":true,"href":"https:\/\/linitiative.ca\/International\/wp-json\/wp\/v2\/comments?post=84553"}],"version-history":[{"count":0,"href":"https:\/\/linitiative.ca\/International\/wp-json\/wp\/v2\/posts\/84553\/revisions"}],"wp:attachment":[{"href":"https:\/\/linitiative.ca\/International\/wp-json\/wp\/v2\/media?parent=84553"}],"wp:term":[{"taxonomy":"category","embeddable":true,"href":"https:\/\/linitiative.ca\/International\/wp-json\/wp\/v2\/categories?post=84553"},{"taxonomy":"post_tag","embeddable":true,"href":"https:\/\/linitiative.ca\/International\/wp-json\/wp\/v2\/tags?post=84553"}],"curies":[{"name":"wp","href":"https:\/\/api.w.org\/{rel}","templated":true}]}}