{"id":84557,"date":"2020-05-06T01:00:00","date_gmt":"2020-05-06T05:00:00","guid":{"rendered":"https:\/\/linitiative.ca\/International\/le-service-apres-vente-sadapte-aux-nouvelles-exigences\/"},"modified":"2020-05-06T01:00:00","modified_gmt":"2020-05-06T05:00:00","slug":"le-service-apres-vente-sadapte-aux-nouvelles-exigences","status":"publish","type":"post","link":"https:\/\/linitiative.ca\/International\/le-service-apres-vente-sadapte-aux-nouvelles-exigences\/","title":{"rendered":"Le service apr\u00e8s-vente s\u2019adapte aux nouvelles exigences"},"content":{"rendered":"<p>Le repr\u00e9sentant de la marque aux chevrons en Alg\u00e9rie, la soci\u00e9t\u00e9 Saida, a d\u00e9cid\u00e9 d\u2019adapter les horaires de fonctionnement de ses structures de service apr\u00e8s-vente aux exigences du confinement impos\u00e9 aux Alg\u00e9riens dans le cadre de la lutte contre la pand\u00e9mie de Covid-19. Dans ce cadre, les clients de la marque sont inform\u00e9s via un communiqu\u00e9 des nouvelles dispositions. \u00abDepuis 1919, Citro\u00ebn vous accompagne dans les bons comme dans les mauvais moments. La p\u00e9riode que nous vivons actuellement est difficile pour tout le monde. Face \u00e0 cette situation, Citro\u00ebn Alg\u00e9rie informe son aimable client\u00e8le du maintien de ses activit\u00e9s apr\u00e8s-vente ouvertes, en atelier et magasin de pi\u00e8ces de rechange, au niveau de l\u2019ensemble de ses succursales, Ch\u00e9raga, Oued Smar et Regha\u00efa.\u00bb\u00a0<br \/>Dans le communiqu\u00e9, il est aussi pr\u00e9cis\u00e9 que \u00ables clients pourront ainsi sauvegarder leur\u00a0 v\u00e9hicule, outil de mobilit\u00e9 en ces temps compliqu\u00e9s\u00bb.<br \/>Les horaires de travail sont de 08h30 \u00e0 15h30, et ce, du dimanche au jeudi.Pour une prise de RDV, le call center se tient \u00e0 la disposition de ses clients au 023 96 59 59\/023 96 59 26, ou sur le site web www.citroen.dz<br \/>Et compte tenu du danger encore persistant\u00a0 de ce virus, Saida souligne que \u00abtoutes les mesures barri\u00e8res ont \u00e9t\u00e9 mises en place pour assurer la s\u00e9curit\u00e9 des clients et de l\u2019ensemble des collaborateurs\u00bb.<br \/>LSA<\/p>\n<p>Auteur:<br \/>\n<a href=\"https:\/\/www.lesoirdalgerie.com\/le-soir-auto\/le-service-apres-vente-sadapte-aux-nouvelles-exigences-42109\">Cliquez ici pour lire l&rsquo;article depuis sa source.<\/a><\/p>\n","protected":false},"excerpt":{"rendered":"<p>Le repr\u00e9sentant de la marque aux chevrons en Alg\u00e9rie, la soci\u00e9t\u00e9 Saida, a d\u00e9cid\u00e9 d\u2019adapter les horaires de fonctionnement de ses structures de service apr\u00e8s-vente aux exigences du confinement impos\u00e9 aux Alg\u00e9riens dans le cadre de la lutte contre la pand\u00e9mie de Covid-19. Dans ce cadre, les clients de la marque sont inform\u00e9s via un [&hellip;]<\/p>\n","protected":false},"author":1741,"featured_media":0,"comment_status":"closed","ping_status":"closed","sticky":false,"template":"","format":"standard","meta":{"fifu_image_url":"","fifu_image_alt":"","footnotes":""},"categories":[73,53],"tags":[],"class_list":["post-84557","post","type-post","status-publish","format-standard","hentry","category-actualite","category-algerie"],"_links":{"self":[{"href":"https:\/\/linitiative.ca\/International\/wp-json\/wp\/v2\/posts\/84557","targetHints":{"allow":["GET"]}}],"collection":[{"href":"https:\/\/linitiative.ca\/International\/wp-json\/wp\/v2\/posts"}],"about":[{"href":"https:\/\/linitiative.ca\/International\/wp-json\/wp\/v2\/types\/post"}],"author":[{"embeddable":true,"href":"https:\/\/linitiative.ca\/International\/wp-json\/wp\/v2\/users\/1741"}],"replies":[{"embeddable":true,"href":"https:\/\/linitiative.ca\/International\/wp-json\/wp\/v2\/comments?post=84557"}],"version-history":[{"count":0,"href":"https:\/\/linitiative.ca\/International\/wp-json\/wp\/v2\/posts\/84557\/revisions"}],"wp:attachment":[{"href":"https:\/\/linitiative.ca\/International\/wp-json\/wp\/v2\/media?parent=84557"}],"wp:term":[{"taxonomy":"category","embeddable":true,"href":"https:\/\/linitiative.ca\/International\/wp-json\/wp\/v2\/categories?post=84557"},{"taxonomy":"post_tag","embeddable":true,"href":"https:\/\/linitiative.ca\/International\/wp-json\/wp\/v2\/tags?post=84557"}],"curies":[{"name":"wp","href":"https:\/\/api.w.org\/{rel}","templated":true}]}}