{"id":84561,"date":"2020-05-06T01:00:00","date_gmt":"2020-05-06T05:00:00","guid":{"rendered":"https:\/\/linitiative.ca\/International\/journee-ordinaire-dun-confine-au-temps-du-corona7\/"},"modified":"2020-05-06T01:00:00","modified_gmt":"2020-05-06T05:00:00","slug":"journee-ordinaire-dun-confine-au-temps-du-corona7","status":"publish","type":"post","link":"https:\/\/linitiative.ca\/International\/journee-ordinaire-dun-confine-au-temps-du-corona7\/","title":{"rendered":"Journ\u00e9e ordinaire d\u2019un confin\u00e9 au temps du corona(7)"},"content":{"rendered":"<p class=\"c3\">Voil\u00e0, je suis \u00e0 ma septi\u00e8me semaine de confinement. Disons que je prends le pli. Je n\u2019ai plus l\u2019\u00e2ge de trop bouger. Je n\u2019ai plus vingt ans, l\u2019\u00e2ge de toutes les escapades. L\u2019\u00e2ge est le meilleur des dipl\u00f4mes. Perso, je l\u2019ai, ce dipl\u00f4me, depuis un fagot d\u2019ann\u00e9es d\u00e9j\u00e0. Je ne me fais plus de pression. Je laisse faire. Je laisse couler l\u2019eau du quotidien. Je vais \u00e0 pas r\u00e9gulier, doucement, mais s\u00fbrement. Disons que je connais le chemin de ma route. Aussi, je prends en charge ce confinement avec beaucoup de recul. Que voulez-vous faire, quand il s\u2019agit d\u2019un temps de vie ou de mort ? Je prends toutes les pr\u00e9cautions. Il s\u2019agit de ne pas sortir, je ne sors pas. Il s\u2019agit de sortir masqu\u00e9, je sors masqu\u00e9.\u00a0<br \/>Il s\u2019agit de respecter une certaine distanciation, je fais en sorte de ne pas coller aux gens. L\u2019Alg\u00e9rien est un \u00eatre tactile, on le sait. Les embrassades. Les \u00e9treintes. Les \u00abtape cinq\u00bb. Il suffit d\u2019apprendre \u00e0 ne plus serrer des mains, \u00e0 ne plus faire de bises (m\u00eame lors de l\u2019A\u00efd), d\u2019\u00e9viter les accolades et tout se passera dans les normes.<br \/>Dans ma derni\u00e8re chronique, je disais que le gouvernement confine tout en \u00abd\u00e9confinant\u00bb. Je n\u2019\u00e9tais pas loin de la r\u00e9alit\u00e9. Je crois avoir vu juste. Il a suffi que les boutiques rouvrent pour que les Alg\u00e9riens oublient carr\u00e9ment\u00a0 les pr\u00e9cautions d\u2019usage. Absence de masque. Quoique les masques sont rares sur le march\u00e9. Coller, coller dans les cha\u00eenes. De ce fait, le virus se frotte les mains. Tiens, des clients \u00e0 gogo, \u00e0 moindre frais, sans contrepartie de transpiration. Voil\u00e0, on a ce qu\u2019on m\u00e9rite. On referme les commerces. Plus de chiffons. Plus de baklawa. Plus de zlabia. Ni de charbet. Le \u00abTounsi\u00bb a baiss\u00e9 pavillon. Les adeptes du sucre n\u2019ont plus qu\u2019\u00e0 se retrousser les manches et pr\u00e9parer cette zlabia at home. Feddar. Deg uxxam.\u00a0<br \/>Allons plus loin. Le \u00abd\u00e9confinement\u00bb est pr\u00e9vu pour le 14 mai. Selon ma connaissance du terrain, \u00e7a risque d\u2019\u00eatre une catastrophe. Ce sera la ru\u00e9e. Les \u00e9coles. Les caf\u00e9s. Les restaurants. Les boutiques de fringues. Les retrouvailles entre potes. Les retrouvailles familiales. Et viens que je te bousse. Que je te rebousse. Et viens que je te prenne dans mes bras. Que je te farfouille les cheveux. Que je te malm\u00e8ne les joues. Le virus n\u2019est jamais loin. Il se frotte les babines. Il aiguise ses incisives. Et vas-y que je te mords. Puis rebelote !\u00a0<br \/>Je flippe trop, non ? Je sais que \u00e7a ne sera pas fait \u00e0 ce niveau-l\u00e0. Un \u00abd\u00e9confinement\u00bb r\u00e9fl\u00e9chi.\u00a0<br \/>Graduellement. Par r\u00e9gion. Par zone. Par quartier, s\u2019il le faut. Il faut cr\u00e9er les conditions du \u00abd\u00e9confinement\u00bb. Des masques. Pas seulement. Il faut imp\u00e9rativement que l\u2019Alg\u00e9rien prenne d\u2019autres habitudes sociales. On ne peut plus revenir \u00e0 la p\u00e9riode d\u2019avant le Covid-19. Il faut r\u00e9inventer notre fa\u00e7on d\u2019\u00eatre. Il n\u2019est plus possible de revenir aux anciennes traditions. Tout le monde sait de quoi je parle. Sinon l\u2019Alg\u00e9rie risque de passer de tr\u00e8s mauvaises p\u00e9riodes.\u00a0<br \/>Cette \u00e9pid\u00e9mie n\u2019est pas simple, ce n\u2019est pas moi qui le dis. Les grands sp\u00e9cialistes mondiaux s\u2019accordent \u00e0 le proclamer, haut et fort. Mieux encore, ces sp\u00e9cialistes d\u00e9clarent qu\u2019un nouveau monde doit \u00e9merger des cendres de l\u2019actuel. Pour le bien de l\u2019humanit\u00e9. Car il ne faut pas se leurrer, seuls les faibles payeront la facture. Et les pauvres. Le lumpenprol\u00e9tariat, d\u2019abord, dans les pays riches. Puis, les pays du tiers-monde, ensuite.\u00a0<br \/>J\u2019ai \u00e9t\u00e9 sonn\u00e9 \u00e0 l\u2019annonce du d\u00e9c\u00e8s du chanteur Idir. Comme un boxeur KO debout, je n\u2019arrivais pas \u00e0 comprendre le fil de l\u2019avis de d\u00e9c\u00e8s. Ces derniers temps, j\u2019ai re\u00e7u tellement d\u2019annonces de ce genre, de potes qui, sur la pointe des pieds, ont pr\u00e9f\u00e9r\u00e9 abandonner le navire Terre. Ces potes \u00e9taient tellement proches de moi que, depuis, je me sens vid\u00e9, orphelin, seul, abandonn\u00e9 et malheureux. Je le dis comme je le ressens. Il n\u2019y a aucune pudeur \u00e0 mettre en avant. L\u2019homme ne pleure pas : foutaises que tout \u00e7a ! L\u2019homme pleure. Et doit pleurer. Aussi, j\u2019ai pleur\u00e9 (\u00e0) la mort de mes potes. NKH, Djilio, Hamid, Hadj Krimo, mes instits Amar Boukhalfi et Sa\u00efd A\u00eft Iftene sont autant d\u2019\u00e9toiles d\u00e9sormais qui viennent \u00e9clairer mes nuits d\u2019insomnie et maintiennent en alerte une m\u00e9moire ob\u00e8se. Chacun d\u2019eux a compt\u00e9 dans ma vie. Et compte encore. Oui, je me sens seul. Je le reconnais. Je me retrouve sans soutien. Soutien moral. Soutien intellectuel. Soutien philosophique. D\u00e8s lors, je me raccroche aux souvenirs. Chacun d\u2019eux a une place particuli\u00e8re dans mon c\u0153ur. Chacun d\u2019eux continue \u00e0 m\u2019instruire. A m\u2019\u00e9veiller. A me conseiller. Le jour, il me suffit de fermer les yeux pour les voir accourir, chacun apportant sur son visage un \u00e9clairage d\u2019affection et d\u2019amour. La nuit, il suffit que je l\u00e8ve les yeux vers le ciel pour que je voie quelques \u00e9toiles plus brillantes que les autres ; je me dis : \u00abIls sont l\u00e0-haut.\u00bb Et je retrouve ainsi une grande s\u00e9r\u00e9nit\u00e9 face au quotidien.\u00a0<br \/>L\u2019annonce dit qu\u2019Idir est d\u00e9c\u00e9d\u00e9. C\u2019est antinomique : Idir, en kabyle, projette la vie. Idir, c\u2019est vivre. Et c\u2019est ce pseudo qu\u2019a choisi Hamid Cheriet pour dire la cosmogonie de la Kabylie. M\u00e9lodiste de talent, il a su mettre les notes idoines sur des po\u00e8mes \u00e9clatants de v\u00e9rit\u00e9 (merci Ben !), pour chanter, pr\u00e9cis\u00e9ment, sa vie. Sa soci\u00e9t\u00e9. Son Anc\u00eatre. A c\u00f4t\u00e9 d\u2019une kyrielle de jeunes chanteurs, dans les ann\u00e9es soixante-dix, Idir a donn\u00e9 ses lettres de noblesse \u00e0 la chanson kabyle. Djamel Allem. Noureddine Chenoud. Malika Domrane. Ferhat. Menad. Nouara. Matoub. Tagrawla. Ces noms ont accompagn\u00e9 ma jeunesse. Ils sont ma jeunesse. Ces chanteurs ont supprim\u00e9 les scories qui minaient la chanson kabyle, un moment donn\u00e9. Les chanteurs de l\u2019\u00e9migration (El Hasnaoui, Azem, Yiahiat\u00e8ne, Ou Bela\u00efd, Mezani, Mesbahi, Hamadi, etc.) ont chant\u00e9 leur temps. Le temps de l\u2019exil. Le temps de la d\u00e9chirure. Le temps de la colonisation. Le temps de l\u2019espoir. Puis, d\u2019autres chanteurs sont venus chanter, \u00e9galement, leur temps. Le temps du d\u00e9ni identitaire. Le temps de l\u2019identit\u00e9. Le temps de la lutte. Mais \u00e9galement, le temps de l\u2019exil pour pouvoir chanter sans peur. Je ne peux pas oublier le travail colossal r\u00e9ussi par ce monument de l\u2019Awal, Lounis A\u00eft Menguellet.<br \/>Ils disent qu\u2019Idir est mort. Non, il ne l\u2019est pas. Il vit. Yedder. Il vit dans notre c\u0153ur. Dans notre m\u00e9moire. Il vit dans ses m\u00e9lodies. Ses chansons. Ses accords. Ses notes de musique. Si, je pleure cette disparition. Je ne peux pas ne pas pleurer. Le cimeti\u00e8re de toutes les valeurs se peuple davantage. Ihi, bienvenue Idir pour ton \u00c9ternit\u00e9. Adieu Hamid !\u00a0<br \/><em><strong>M. B.<\/strong><\/em><\/p>\n<p>Auteur:<br \/>\n<a href=\"https:\/\/www.lesoirdalgerie.com\/tendances\/journee-ordinaire-dun-confine-au-temps-du-corona-7-42105\">Cliquez ici pour lire l&rsquo;article depuis sa source.<\/a><\/p>\n","protected":false},"excerpt":{"rendered":"<p>Voil\u00e0, je suis \u00e0 ma septi\u00e8me semaine de confinement. Disons que je prends le pli. Je n\u2019ai plus l\u2019\u00e2ge de trop bouger. Je n\u2019ai plus vingt ans, l\u2019\u00e2ge de toutes les escapades. L\u2019\u00e2ge est le meilleur des dipl\u00f4mes. Perso, je l\u2019ai, ce dipl\u00f4me, depuis un fagot d\u2019ann\u00e9es d\u00e9j\u00e0. Je ne me fais plus de pression. [&hellip;]<\/p>\n","protected":false},"author":1741,"featured_media":0,"comment_status":"closed","ping_status":"closed","sticky":false,"template":"","format":"standard","meta":{"fifu_image_url":"","fifu_image_alt":"","footnotes":""},"categories":[73,53],"tags":[],"class_list":["post-84561","post","type-post","status-publish","format-standard","hentry","category-actualite","category-algerie"],"_links":{"self":[{"href":"https:\/\/linitiative.ca\/International\/wp-json\/wp\/v2\/posts\/84561","targetHints":{"allow":["GET"]}}],"collection":[{"href":"https:\/\/linitiative.ca\/International\/wp-json\/wp\/v2\/posts"}],"about":[{"href":"https:\/\/linitiative.ca\/International\/wp-json\/wp\/v2\/types\/post"}],"author":[{"embeddable":true,"href":"https:\/\/linitiative.ca\/International\/wp-json\/wp\/v2\/users\/1741"}],"replies":[{"embeddable":true,"href":"https:\/\/linitiative.ca\/International\/wp-json\/wp\/v2\/comments?post=84561"}],"version-history":[{"count":0,"href":"https:\/\/linitiative.ca\/International\/wp-json\/wp\/v2\/posts\/84561\/revisions"}],"wp:attachment":[{"href":"https:\/\/linitiative.ca\/International\/wp-json\/wp\/v2\/media?parent=84561"}],"wp:term":[{"taxonomy":"category","embeddable":true,"href":"https:\/\/linitiative.ca\/International\/wp-json\/wp\/v2\/categories?post=84561"},{"taxonomy":"post_tag","embeddable":true,"href":"https:\/\/linitiative.ca\/International\/wp-json\/wp\/v2\/tags?post=84561"}],"curies":[{"name":"wp","href":"https:\/\/api.w.org\/{rel}","templated":true}]}}