{"id":84562,"date":"2020-05-06T08:57:57","date_gmt":"2020-05-06T12:57:57","guid":{"rendered":"https:\/\/linitiative.ca\/International\/la-crise-du-covid-19-retarde-les-plans-de-deploiement-en-afrique-de-pharma-5\/"},"modified":"2020-05-06T08:57:57","modified_gmt":"2020-05-06T12:57:57","slug":"la-crise-du-covid-19-retarde-les-plans-de-deploiement-en-afrique-de-pharma-5","status":"publish","type":"post","link":"https:\/\/linitiative.ca\/International\/la-crise-du-covid-19-retarde-les-plans-de-deploiement-en-afrique-de-pharma-5\/","title":{"rendered":"La crise du Covid-19 retarde les plans de d\u00e9ploiement en Afrique de Pharma 5"},"content":{"rendered":"<p><strong>L\u2019inauguration de l\u2019usine ivoirienne du laboratoire pharmaceutique marocain Pharma 5, n\u2019aura finalement pas eu lieu en 2019 comme annonc\u00e9e initialement.<\/strong><\/p>\n<div class=\"c10\"\/>\n<p>La livraison de l\u2019usine ivoirienne du laboratoire pharmaceutique marocain Pharma qui incarne le premier jalon du d\u00e9ploiement industriel en Afrique subsaharienne du leader marocain en production et commercialisation de m\u00e9dicaments g\u00e9n\u00e9riques, a d\u00e9j\u00e0 accus\u00e9 pr\u00e8s d\u2019un semestre de retard par rapport au calendrier initial. Et la crise actuelle du Covid-19 devra probablement repousser davantage l\u2019entr\u00e9e en service de ce laboratoire situ\u00e9 \u00e0 la p\u00e9riph\u00e9rie nord d\u2019Abidjan, dont la pose de la premi\u00e8re pierre en fin 2017 avait suscit\u00e9 beaucoup d\u2019enthousiasme pour la coop\u00e9ration maroco-ivoirienne.<\/p>\n<p>Selon des sources proches du groupe marocain contr\u00f4l\u00e9 par la famille Lahlou-Filali, les premiers m\u00e9dicaments qui sortiront de cette unit\u00e9 que porte la filiale locale Pharma 5 Africa, ne seront pas commercialis\u00e9s avant le dernier trimestre 2020, alors que son co\u00fbt final devra sensiblement d\u00e9passer le budget initialement estim\u00e9 \u00e0 100 millions de dirhams. Des m\u00e9dicaments qui feront partie, dans un premier temps, des cinq classes th\u00e9rapeutiques suivantes\u00a0: l\u2019infectiologie, la virologie, la gyn\u00e9cologie, l\u2019antalgie et l\u2019antibioth\u00e9rapie. D\u00e8s 2021, la production de Pharma 5 Africa destin\u00e9e \u00e0 alimenter le march\u00e9 ouest-africain, devra atteindre 100 millions d\u2019unit\u00e9s de m\u00e9dicaments (principalement des comprim\u00e9s), soit un peu plus que 10% du volume global de production du groupe Pharma 5 qui touche d\u00e9j\u00e0 une quarantaine de pays \u00e0 l\u2019export.<\/p>\n<p>Lire aussi : <a href=\"https:\/\/www.challenge.ma\/coronavirus-163-nouveaux-cas-5382-au-total-mercredi-6-mai-a-10h-139614\/\">Coronavirus : 163 nouveaux cas, 5382 au total, mercredi 6 mai \u00e0 10h<\/a><\/p>\n<p>Rappelons que le groupe cr\u00e9\u00e9 en 1985 par Dr Abdallah Lahlou-Filali (toujours Pr\u00e9sident en exercice de son Conseil d\u2019Administration), revendique un chiffre d\u2019affaires qui d\u00e9passe la barre du milliard de dirhams. Outre sa nouvelle filiale ivoirienne, le groupe bas\u00e9 \u00e0 Casablanca compte deux autres entit\u00e9s au Maroc \u00e0 savoir Pharmashop, un des pionniers de la parapharmacie au Maroc (connu notamment pour sa repr\u00e9sentation exclusive au Maroc des produits Mustela et Nuxe) et MD5, un\u00a0des principaux grossistes r\u00e9partiteurs marocains de produits pharmaceutiques.\u00a0<\/p>\n<div class=\"c17\">\n<fieldset class=\"c16\">\n<legend><strong><span class=\"c11\">Challenge<\/span><span class=\"c12\">news<\/span><\/strong><\/legend>\n<div class=\"c15\">Le meilleur de Challenge s\u00e9lectionn\u00e9 par la r\u00e9daction :<\/p>\n<\/div>\n<\/fieldset>\n<\/div>\n<p>Auteur: Rachid Boutaleb<br \/>\n<a href=\"https:\/\/www.challenge.ma\/la-crise-du-covid-19-retarde-les-plans-de-deploiement-en-afrique-de-pharma-5-139648\/\">Cliquez ici pour lire l&rsquo;article depuis sa source.<\/a><\/p>\n","protected":false},"excerpt":{"rendered":"<p>L\u2019inauguration de l\u2019usine ivoirienne du laboratoire pharmaceutique marocain Pharma 5, n\u2019aura finalement pas eu lieu en 2019 comme annonc\u00e9e initialement. La livraison de l\u2019usine ivoirienne du laboratoire pharmaceutique marocain Pharma qui incarne le premier jalon du d\u00e9ploiement industriel en Afrique subsaharienne du leader marocain en production et commercialisation de m\u00e9dicaments g\u00e9n\u00e9riques, a d\u00e9j\u00e0 accus\u00e9 pr\u00e8s [&hellip;]<\/p>\n","protected":false},"author":1787,"featured_media":0,"comment_status":"closed","ping_status":"closed","sticky":false,"template":"","format":"standard","meta":{"fifu_image_url":"","fifu_image_alt":"","footnotes":""},"categories":[78,54],"tags":[],"class_list":["post-84562","post","type-post","status-publish","format-standard","hentry","category-economie","category-maroc"],"_links":{"self":[{"href":"https:\/\/linitiative.ca\/International\/wp-json\/wp\/v2\/posts\/84562","targetHints":{"allow":["GET"]}}],"collection":[{"href":"https:\/\/linitiative.ca\/International\/wp-json\/wp\/v2\/posts"}],"about":[{"href":"https:\/\/linitiative.ca\/International\/wp-json\/wp\/v2\/types\/post"}],"author":[{"embeddable":true,"href":"https:\/\/linitiative.ca\/International\/wp-json\/wp\/v2\/users\/1787"}],"replies":[{"embeddable":true,"href":"https:\/\/linitiative.ca\/International\/wp-json\/wp\/v2\/comments?post=84562"}],"version-history":[{"count":0,"href":"https:\/\/linitiative.ca\/International\/wp-json\/wp\/v2\/posts\/84562\/revisions"}],"wp:attachment":[{"href":"https:\/\/linitiative.ca\/International\/wp-json\/wp\/v2\/media?parent=84562"}],"wp:term":[{"taxonomy":"category","embeddable":true,"href":"https:\/\/linitiative.ca\/International\/wp-json\/wp\/v2\/categories?post=84562"},{"taxonomy":"post_tag","embeddable":true,"href":"https:\/\/linitiative.ca\/International\/wp-json\/wp\/v2\/tags?post=84562"}],"curies":[{"name":"wp","href":"https:\/\/api.w.org\/{rel}","templated":true}]}}