{"id":84563,"date":"2020-05-06T12:03:19","date_gmt":"2020-05-06T16:03:19","guid":{"rendered":"https:\/\/linitiative.ca\/International\/coronavirus-la-fondation-marocaine-de-letudiant-lance-une-initiative-solidaire\/"},"modified":"2020-05-06T12:03:19","modified_gmt":"2020-05-06T16:03:19","slug":"coronavirus-la-fondation-marocaine-de-letudiant-lance-une-initiative-solidaire","status":"publish","type":"post","link":"https:\/\/linitiative.ca\/International\/coronavirus-la-fondation-marocaine-de-letudiant-lance-une-initiative-solidaire\/","title":{"rendered":"Coronavirus : La Fondation marocaine de l\u2019\u00e9tudiant lance une initiative solidaire"},"content":{"rendered":"<p><strong>Dans le cadre de l\u2019\u00e9lan de solidarit\u00e9 nationale initi\u00e9 depuis l\u2019apparition du Covid-19, la Fondation Marocaine de l\u2019\u00c9tudiant lance une initiative nationale baptis\u00e9e \u00ab\u00a0Bon solidaire\u00a0\u00bb.<\/strong><\/p>\n<div class=\"c10\"\/>\n<p>Il s\u2019agit d\u2019une action de partenariat solidaire avec des\u00a0acteurs \u00e9conomiques\u00a0visant \u00e0 collecter des\u00a0dons\u00a0pour la\u00a0<strong>FME<\/strong>, tout en pr\u00e9parant leur reprise \u00e9conomique, apr\u00e8s la sortie du confinement par le biais de\u00a0bons d\u2019achat\u00a0accord\u00e9s aux\u00a0clients-donateurs\u00a0par ces m\u00eames acteurs \u00e9conomiques. \u00ab\u00a0Cette op\u00e9ration a permis aux entrepreneurs partenaires d\u2019attirer des clients sans d\u00e9caisser un centime et en plus la valeur du bon est d\u00e9duite fiscalement vu que la fondation est reconnue d\u2019utilit\u00e9 publique\u00a0\u00bb, assure Hamid Ben Elafdil, pr\u00e9sident de la <strong>Fondation Marocaine de l\u2019Etudiant.<\/strong><\/p>\n<p>Dans le d\u00e9tail, le FME explique que d\u2019un c\u00f4t\u00e9, l\u2019entreprise\/commer\u00e7ant\/entrepreneur, qui souhaite s\u2019associer \u00e0 cette initiative de solidarit\u00e9, confie \u00e0 la fondation un nombre de <strong>bons d\u2019achat<\/strong> (digital) en fixant les conditions d\u2019utilisation (minimum d\u2019achat, p\u00e9riode de validit\u00e9 \u2026) et de l\u2019autre, la FMEpropose ces bons aux consommateurs\/donateurs sur <strong>Guichet.ma<\/strong> et les transforme ainsi en bons-solidaires gagnants.<\/p>\n<p>Lire aussi: <a href=\"https:\/\/www.challenge.ma\/la-crise-du-covid-19-retarde-les-plans-de-deploiement-en-afrique-de-pharma-5-139648\/\">La crise du Covid-19 retarde les plans de d\u00e9ploiement en Afrique de Pharma 5<\/a><\/p>\n<p>\u00ab\u00a0Le consommateur\u00a0sensible \u00e0 la cause de solidarit\u00e9 choisit sur Guichet.ma une entreprise, commer\u00e7ant, entrepreneur partenaire chez qui il a envie d\u2019aller consommer apr\u00e8s le confinement et ach\u00e8te le bon d\u2019achat et paie en partie avec le bon d\u2019achat. Le partenaire re\u00e7oit une attestation de don \u00e0 d\u00e9duire fiscalement avec la valeur des bons vendus. Et la FME utilisera les dons collect\u00e9s\/bons d\u2019achat vendus pour financer des bourses en m\u00e9decine et en <strong>biotechnologie<\/strong> au regard de la situation de pand\u00e9mie et du constat effarant d\u2019insuffisance du personnel m\u00e9dical\u00a0\u00bb, poursuit la fondation, ajoutant que \u00ab\u00a0les commerces et entreprises souhaitant prendre part \u00e0 cette initiative peuvent prendre attache avec la FME en contactant\u00a0\u00a0<a href=\"\/cdn-cgi\/l\/email-protection#b5d4d6ddd4c19bc6dad9dcd1d4dcc7d0f5d3d8d09bd8d4\"><strong><span class=\"__cf_email__\" data-cfemail=\"3352505b52471d405c5f5a57525a415673555e561d5e52\">[email\u00a0protected]<\/span><\/strong><\/a>, ce qui leur permet de cibler de nouveaux clients sensibles \u00e0 la cause de solidarit\u00e9 \u00e0 travers une association reconnue et \u00e0 impact. Les clients peuvent pour leur par acheter les Bons solidaire sur\u00a0Guichet.ma:\u00a0<a href=\"https:\/\/www.guichet.ma\/billetterie\/bon-solidaire\">https:\/\/www.guichet.ma\/billetterie\/bon-solidaire<\/a>\u00a0\u00bb.<\/p>\n<div class=\"c17\">\n<fieldset class=\"c16\">\n<legend><strong><span class=\"c11\">Challenge<\/span><span class=\"c12\">news<\/span><\/strong><\/legend>\n<div class=\"c15\">Le meilleur de Challenge s\u00e9lectionn\u00e9 par la r\u00e9daction :<\/p>\n<\/div>\n<\/fieldset>\n<\/div>\n<p>Auteur: challenge<br \/>\n<a href=\"https:\/\/www.challenge.ma\/coronavirus-la-fondation-marocaine-de-letudiant-lance-une-initiative-solidaire-139653\/\">Cliquez ici pour lire l&rsquo;article depuis sa source.<\/a><\/p>\n","protected":false},"excerpt":{"rendered":"<p>Dans le cadre de l\u2019\u00e9lan de solidarit\u00e9 nationale initi\u00e9 depuis l\u2019apparition du Covid-19, la Fondation Marocaine de l\u2019\u00c9tudiant lance une initiative nationale baptis\u00e9e \u00ab\u00a0Bon solidaire\u00a0\u00bb. Il s\u2019agit d\u2019une action de partenariat solidaire avec des\u00a0acteurs \u00e9conomiques\u00a0visant \u00e0 collecter des\u00a0dons\u00a0pour la\u00a0FME, tout en pr\u00e9parant leur reprise \u00e9conomique, apr\u00e8s la sortie du confinement par le biais de\u00a0bons d\u2019achat\u00a0accord\u00e9s [&hellip;]<\/p>\n","protected":false},"author":1787,"featured_media":0,"comment_status":"closed","ping_status":"closed","sticky":false,"template":"","format":"standard","meta":{"fifu_image_url":"","fifu_image_alt":"","footnotes":""},"categories":[78,54],"tags":[],"class_list":["post-84563","post","type-post","status-publish","format-standard","hentry","category-economie","category-maroc"],"_links":{"self":[{"href":"https:\/\/linitiative.ca\/International\/wp-json\/wp\/v2\/posts\/84563","targetHints":{"allow":["GET"]}}],"collection":[{"href":"https:\/\/linitiative.ca\/International\/wp-json\/wp\/v2\/posts"}],"about":[{"href":"https:\/\/linitiative.ca\/International\/wp-json\/wp\/v2\/types\/post"}],"author":[{"embeddable":true,"href":"https:\/\/linitiative.ca\/International\/wp-json\/wp\/v2\/users\/1787"}],"replies":[{"embeddable":true,"href":"https:\/\/linitiative.ca\/International\/wp-json\/wp\/v2\/comments?post=84563"}],"version-history":[{"count":0,"href":"https:\/\/linitiative.ca\/International\/wp-json\/wp\/v2\/posts\/84563\/revisions"}],"wp:attachment":[{"href":"https:\/\/linitiative.ca\/International\/wp-json\/wp\/v2\/media?parent=84563"}],"wp:term":[{"taxonomy":"category","embeddable":true,"href":"https:\/\/linitiative.ca\/International\/wp-json\/wp\/v2\/categories?post=84563"},{"taxonomy":"post_tag","embeddable":true,"href":"https:\/\/linitiative.ca\/International\/wp-json\/wp\/v2\/tags?post=84563"}],"curies":[{"name":"wp","href":"https:\/\/api.w.org\/{rel}","templated":true}]}}