{"id":84577,"date":"2020-05-06T15:53:12","date_gmt":"2020-05-06T19:53:12","guid":{"rendered":"https:\/\/linitiative.ca\/International\/demande-dacquittement-des-4-journalistes-burundais-en-appel\/"},"modified":"2020-05-06T15:53:12","modified_gmt":"2020-05-06T19:53:12","slug":"demande-dacquittement-des-4-journalistes-burundais-en-appel","status":"publish","type":"post","link":"https:\/\/linitiative.ca\/International\/demande-dacquittement-des-4-journalistes-burundais-en-appel\/","title":{"rendered":"DEMANDE D\u2019ACQUITTEMENT DES 4 JOURNALISTES BURUNDAIS EN APPEL"},"content":{"rendered":"<div class=\"stream-item stream-item-above-post-content\">\n<p><noscript><\/p>\n<p><a href=\"\/\/www3.smartadserver.com\/ac?jump=1&amp;nwid=2136&amp;siteid=240610&amp;pgname=rg&amp;fmtid=49046&amp;visit=m&amp;tmstp=[timestamp]&amp;out=nonrich\" target=\"_blank\" rel=\"noopener noreferrer\"><img decoding=\"async\" src=\"http:\/\/www3.smartadserver.com\/ac?out=nonrich&amp;nwid=2136&amp;siteid=240610&amp;pgname=rg&amp;fmtid=49046&amp;visit=m&amp;tmstp=[timestamp]\" border=\"0\" alt=\"\"\/><\/a><\/p>\n<p><\/noscript><\/div>\n<p class=\"c3\"><em>Le proc\u00e8s en appel des quatre journalistes burundais, s\u2019est ouvert hier, 6 mai 2020, en pr\u00e9sence des accus\u00e9s. Faut-il le rappeler, les journalistes d\u2019Iwacu sont accus\u00e9s de tentative de complicit\u00e9 d\u2019atteinte \u00e0 la s\u00fbret\u00e9 de l\u2019Etat. Pour cette premi\u00e8re journ\u00e9e de comparution en appel, les avocats des accus\u00e9s ont purement et simplement demand\u00e9 l\u2019acquittement car, pour eux, le dossier est vide. Seront-ils entendus? Rien n\u2019est moins s\u00fbr. On le sait, le r\u00e9gime de Pierre Nkurunziza est un v\u00e9ritable pr\u00e9dateur des droits de l\u2019Homme. En tout cas, c\u2019est peu dire que le Burundi est une prison \u00e0 ciel ouvert pour les journalistes et autres d\u00e9fenseurs de la libert\u00e9 d\u2019expression. Pour preuve, tous les journalistes qui osent critiquer le r\u00e9gime, sont jet\u00e9s en prison. Quoi de plus normal que le pays ait recul\u00e9 en mati\u00e8re de libert\u00e9 de presse et ce, depuis les cinq derni\u00e8res ann\u00e9es. Et ce n\u2019est pas le dernier classement de Reporters sans fronti\u00e8res (RSF) qui prouvera le contraire. En effet, le pays de Nkurunziza occupe aujourd\u2019hui la 160e place sur 180. Mais en d\u00e9pit de ce sombre tableau, Nkurunziza n\u2019en a cure. C\u2019est dire si les chances des journalistes d\u2019\u00eatre acquitt\u00e9s comme le souhaitent leurs avocats, sont bien minces. Ce d\u2019autant que le procureur est convaincu de leur culpabilit\u00e9.<\/em><\/p>\n<p class=\"c3\"><strong><em>Ce proc\u00e8s est une parodie de justice dont le seul but est de faire taire des voix qui d\u00e9rangent<\/em><\/strong><\/p>\n<p class=\"c3\"><em>En effet, les quatre journalistes avaient \u00e9t\u00e9 reconnus coupables des faits \u00e0 eux reproch\u00e9s et condamn\u00e9s en premi\u00e8re instance, en janvier dernier, \u00e0 deux ans et demi de prison et \u00e0 une amende d\u2019un million de francs burundais. Et bien que les juges n\u2019aient jamais pu prouver de fa\u00e7on irr\u00e9futable la culpabilit\u00e9 des accus\u00e9s, le procureur croit dur comme fer que les quatre journalistes sont bel et bien coupables. C\u2019est pourquoi, malgr\u00e9 les nombreuses voix qui se sont \u00e9lev\u00e9es pour demander la lib\u00e9ration de ces d\u00e9fenseurs des sans-voix, ils n\u2019ont jamais pu b\u00e9n\u00e9ficier d\u2019une quelconque libert\u00e9, ne serait-ce que provisoire. Le moins que l\u2019on puisse dire, c\u2019est que ce proc\u00e8s est tout sauf une volont\u00e9 de rendre justice. C\u2019est une parodie de justice dont le seul but est de faire taire des voix qui d\u00e9rangent. Les juges qui ont jet\u00e9s ces journalistes en prison, contre vents et marr\u00e9es, devraient en avoir honte. En tout cas, ils n\u2019ont rendu service ni \u00e0 la justice ni \u00e0 la d\u00e9mocratie. Il est temps de rel\u00e2cher ces pauvres journalistes dont le seul crime est d\u2019avoir fait leur travail. Esp\u00e9rons que les juges qui ont 30 jours pour rendre leur verdict, feront preuve de lucidit\u00e9 et d\u2019ind\u00e9pendance. En tous les cas, l\u2019Histoire les jugera si d\u2019aventure ils venaient \u00e0 maintenir ces journalistes derri\u00e8re les barreaux.<\/em><\/p>\n<p class=\"c3\"><strong><em>DZ<\/em><\/strong><\/p>\n<p>Auteur: Le Pays<br \/>\n<a href=\"http:\/\/lepays.bf\/demande-dacquittement-des-4-journalistes-burundais-en-appel\/\">Cliquez ici pour lire l&rsquo;article depuis sa source.<\/a><\/p>\n","protected":false},"excerpt":{"rendered":"<p>Le proc\u00e8s en appel des quatre journalistes burundais, s\u2019est ouvert hier, 6 mai 2020, en pr\u00e9sence des accus\u00e9s. Faut-il le rappeler, les journalistes d\u2019Iwacu sont accus\u00e9s de tentative de complicit\u00e9 d\u2019atteinte \u00e0 la s\u00fbret\u00e9 de l\u2019Etat. Pour cette premi\u00e8re journ\u00e9e de comparution en appel, les avocats des accus\u00e9s ont purement et simplement demand\u00e9 l\u2019acquittement car, [&hellip;]<\/p>\n","protected":false},"author":1813,"featured_media":0,"comment_status":"closed","ping_status":"closed","sticky":false,"template":"","format":"standard","meta":{"fifu_image_url":"","fifu_image_alt":"","footnotes":""},"categories":[73,81],"tags":[],"class_list":["post-84577","post","type-post","status-publish","format-standard","hentry","category-actualite","category-burkina-faso"],"_links":{"self":[{"href":"https:\/\/linitiative.ca\/International\/wp-json\/wp\/v2\/posts\/84577","targetHints":{"allow":["GET"]}}],"collection":[{"href":"https:\/\/linitiative.ca\/International\/wp-json\/wp\/v2\/posts"}],"about":[{"href":"https:\/\/linitiative.ca\/International\/wp-json\/wp\/v2\/types\/post"}],"author":[{"embeddable":true,"href":"https:\/\/linitiative.ca\/International\/wp-json\/wp\/v2\/users\/1813"}],"replies":[{"embeddable":true,"href":"https:\/\/linitiative.ca\/International\/wp-json\/wp\/v2\/comments?post=84577"}],"version-history":[{"count":0,"href":"https:\/\/linitiative.ca\/International\/wp-json\/wp\/v2\/posts\/84577\/revisions"}],"wp:attachment":[{"href":"https:\/\/linitiative.ca\/International\/wp-json\/wp\/v2\/media?parent=84577"}],"wp:term":[{"taxonomy":"category","embeddable":true,"href":"https:\/\/linitiative.ca\/International\/wp-json\/wp\/v2\/categories?post=84577"},{"taxonomy":"post_tag","embeddable":true,"href":"https:\/\/linitiative.ca\/International\/wp-json\/wp\/v2\/tags?post=84577"}],"curies":[{"name":"wp","href":"https:\/\/api.w.org\/{rel}","templated":true}]}}