{"id":84583,"date":"2020-05-06T16:23:57","date_gmt":"2020-05-06T20:23:57","guid":{"rendered":"https:\/\/linitiative.ca\/International\/reprise-des-cours-pas-question-denvoyer-un-eleve-a-lecole-sans-masque-remis-dandjinou\/"},"modified":"2020-05-06T16:23:57","modified_gmt":"2020-05-06T20:23:57","slug":"reprise-des-cours-pas-question-denvoyer-un-eleve-a-lecole-sans-masque-remis-dandjinou","status":"publish","type":"post","link":"https:\/\/linitiative.ca\/International\/reprise-des-cours-pas-question-denvoyer-un-eleve-a-lecole-sans-masque-remis-dandjinou\/","title":{"rendered":"Reprise des cours \u00ab\u00a0Pas question d\u2019envoyer un \u00e9l\u00e8ve \u00e0 l\u2019\u00e9cole sans masque\u00a0\u00bb, R\u00e9mis Dandjinou"},"content":{"rendered":"<div class=\"td-post-featured-image\"><a href=\"https:\/\/www.sidwaya.info\/wp-content\/uploads\/2020\/05\/minidangdj07.jpg\" data-caption=\"\"><img loading=\"lazy\" decoding=\"async\" width=\"689\" height=\"520\" class=\"entry-thumb td-modal-image\" src=\"https:\/\/www.sidwaya.info\/wp-content\/uploads\/2020\/05\/minidangdj07.jpg\" srcset=\"https:\/\/www.sidwaya.info\/wp-content\/uploads\/2020\/05\/minidangdj07.jpg 689w, https:\/\/www.sidwaya.info\/wp-content\/uploads\/2020\/05\/minidangdj07-300x226.jpg 300w, https:\/\/www.sidwaya.info\/wp-content\/uploads\/2020\/05\/minidangdj07-557x420.jpg 557w, https:\/\/www.sidwaya.info\/wp-content\/uploads\/2020\/05\/minidangdj07-80x60.jpg 80w\" sizes=\"auto, (max-width: 689px) 100vw, 689px\" alt=\"\" title=\"minidangdj07\"\/><\/a><\/div>\n<p><strong>L\u2019hebdomadaire Conseil des ministres s\u2019est tenu le mercredi 6 mai 2020 sous la pr\u00e9sidence du pr\u00e9sident du Faso, Roch Marc Christian Kabor\u00e9. La lutte contre le COVID-19 a domin\u00e9 les travaux.<\/strong><\/p>\n<p>La lutte contre le coronavirus a \u00e9t\u00e9 l\u2019un des points phares abord\u00e9 par le conseil des ministres du mercredi 6 mai 2020. Ainsi, le ministre de la Sant\u00e9, Pr Claudine Lougu\u00e9, a pr\u00e9sent\u00e9 au conseil les axes sur lesquels travaille actuellement son d\u00e9partement dont le plus important est l\u2019accentuation de la surveillance. \u00ab\u00a0Sur ce point, le gouvernement a mis en \u0153uvre une recherche active depuis le 30 avril dernier qui concerne les cas contacts, suspects et les populations cibles a maladie chronique susceptible d\u2019avoir des risques de mortalit\u00e9\u00a0\u00bb, a indiqu\u00e9 le ministre de la Communication et des Relations avec le parlement, Porte-parole du gouvernement, Remis Fulgance Dandjinou. Il a poursuivi que le ministre Lougu\u00e9 a \u00e9galement pr\u00e9sent\u00e9 les \u00e9l\u00e9ments de prise en charge psychologique des soignants et des patients qui sont en train d\u2019\u00eatre mise en \u0153uvre ainsi que le dispositif de r\u00e9ception des plaintes au niveau du Centre hospitalier universitaire (CHU) de Tengandogo. De plus, a pr\u00e9cis\u00e9 le ministre Dandjinou, la cheffe du d\u00e9partement de la Sant\u00e9 a mentionn\u00e9 qu\u2019il y a une identification dans chaque CHR d\u2019un espace pour la prise en charge et le confinement de malades du Covid19. L\u2019effort est en train d\u2019\u00eatre fait, a laiss\u00e9 entendre le porte-parole du gouvernement, pour que les structures de soins priv\u00e9s soient int\u00e9gr\u00e9es dans le dispositif de prise en charge. \u00ab\u00a0C\u2019est d\u00e9j\u00e0 le cas \u00e0 Ouagadougou et \u00e0 Bobo Dioulasso et cela doit se vulgariser dans l\u2019ensemble du territoire national\u00a0\u00bb, a-t-il d\u00e9clar\u00e9. Toujours dans le cadre de la lutte contre la pand\u00e9mie, il a fait savoir que le compte riposte COVID-19 au Tr\u00e9sor public a re\u00e7u, \u00e0 la date du 6 mai 2020, la somme d\u2019un milliard 773 millions 228\u00a0718 F CFA. Une somme qui, a-t-il rappel\u00e9, devrait servir \u00e0 financer les actions entrant dans le cadre de la lutte contre la maladie. Toujours concernant le coronavirus, le ministre de l\u2019Education nationale, de l\u2019Alphab\u00e9tisation et de la Promotion des langues nationales a fait le point au conseil, du plan de riposte pour la continuit\u00e9 du syst\u00e8me \u00e9ducatif. Il a pr\u00e9sent\u00e9 les activit\u00e9s pr\u00e9vues et dress\u00e9 le bilan des rencontres d\u2019information et d\u2019\u00e9changes avec non seulement les acteurs et les partenaires du monde \u00e9ducatif mais \u00e9galement les responsables religieux et coutumiers pour pr\u00e9senter le processus qu\u2019il a mis en \u0153uvre. \u00ab\u00a0Le conseil a instruit que les \u00e9l\u00e9ments essentiels que sont la mise \u00e0 disposition des masques pour les enseignants, le personnel administratif et les \u00e9l\u00e8ves ainsi que les \u00e9l\u00e9ments de distanciation et de lavage de mains soient mis en place avant la reprise des cours\u00a0\u00bb, a soutenu le ministre de la Communication. Le conseil s\u2019est, en outre, r\u00e9joui de l\u2019effectivit\u00e9 de la rentr\u00e9e administrative qui a tout de m\u00eame eu lieu dans des conditions diff\u00e9rentes en fonction des r\u00e9gions. Remis Fulgance Dandjinou a pr\u00e9cis\u00e9 que la reprise des classes pr\u00e9vue pour le 11 mai pour ce qui est des universit\u00e9s et des centres de formation professionnelle va pouvoir se faire. Concernant les \u00e9coles primaires, le conseil a dit esp\u00e9rer que les masques seront mis \u00e0 la disposition des \u00e9l\u00e8ves d\u2019ici \u00e0 la date fix\u00e9e pour permettre le d\u00e9marrage effectif des cours. \u00ab\u00a0Si jamais \u00e0 la date du 11 mai les \u00e9l\u00e8ves n\u2019ont pas le nombre de masques requis, le gouvernement devra d\u00e9caler la rentr\u00e9e de quelques jours car il n\u2019est pas question d\u2019envoyer un seul \u00e9l\u00e8ve \u00e0 l\u2019\u00e9cole s\u2019il n\u2019a pas de masque \u00e0 sa disposition\u00a0\u00bb, a-t-il soutenu. Le conseil a \u00e9galement pris un d\u00e9cret portant d\u00e9rogation au titre de l\u2019ann\u00e9e Scolaire 2019 2020 du d\u00e9cret N 2019 0157 PRESS PM MENAPLN du 27 janvier 2019 portant modalit\u00e9s d\u2019\u00e9valuation et de contr\u00f4le des apprentissages scolaires. Ce d\u00e9cret doit, aux dires du ministre Dandjinou, permettre une \u00e9valuation ad\u00e9quate des apprentissages et l\u2019ach\u00e8vement de l\u2019ann\u00e9e dans le contexte du COVID-19. \u00ab\u00a0La d\u00e9rogation porte essentiellement sur le nombre d\u2019\u00e9valuations requis par trimestre ou par semestre pour valider l\u2019ann\u00e9e\u00a0\u00bb, a-t-il d\u00e9taill\u00e9 avant d\u2019ajouter qu\u2019un arr\u00eat\u00e9 sera pris par le ministre pour mieux d\u00e9finir les conditions de mis en \u0153uvre de ce d\u00e9cret. Au niveau du minist\u00e8re de la S\u00e9curit\u00e9, environ 225 policiers reclass\u00e9s rencontraient des probl\u00e8mes aussi bien dans leurs carri\u00e8res que dans leur r\u00e9mun\u00e9ration du fait de l\u2019application de la loi 027 2018 AN portant statut de la police nationale. Pour ce faire, a indiqu\u00e9 le porte-parole du gouvernement, le conseil a adopt\u00e9 un projet de loi portant modification de la dite loi. Toute chose qui, \u00e0 son avis, devrait permettre de r\u00e9soudre d\u00e9finitivement ces probl\u00e8mes et d\u2019instaurer une certaine \u00e9quit\u00e9 mais \u00e9galement une s\u00e9r\u00e9nit\u00e9 au sein du corps de la Police.<\/p>\n<p>Nad\u00e8ge YAMEOGO<\/p>\n<div class=\"td-a-rec td-a-rec-id-content_inline tdi_30_fcb td_block_template_1\"><img loading=\"lazy\" decoding=\"async\" class=\"aligncenter size-full wp-image-21314\" src=\"https:\/\/www.sidwaya.info\/wp-content\/uploads\/2020\/04\/Bandeau-Covid-19-Sidwaya-1.jpg\" alt=\"\" width=\"790\" height=\"98\"\/><\/div>\n<div class=\"td-a-rec td-a-rec-id-content_bottom tdi_31_0f8 td_block_template_1\"><img loading=\"lazy\" decoding=\"async\" class=\"aligncenter size-full wp-image-9623\" src=\"https:\/\/www.sidwaya.info\/wp-content\/uploads\/2019\/06\/Projet-bannie\u0300re-Orange-mobile.jpg\" alt=\"\" width=\"728\" height=\"81\"\/><\/div>\n<p>Auteur: BM. Sidwaya<br \/>\n<a href=\"https:\/\/www.sidwaya.info\/blog\/2020\/05\/06\/reprise-des-cours-pas-question-denvoyer-un-eleve-a-lecole-sans-masque-remis-dandjinou\/\">Cliquez ici pour lire l&rsquo;article depuis sa source.<\/a><\/p>\n","protected":false},"excerpt":{"rendered":"<p>L\u2019hebdomadaire Conseil des ministres s\u2019est tenu le mercredi 6 mai 2020 sous la pr\u00e9sidence du pr\u00e9sident du Faso, Roch Marc Christian Kabor\u00e9. La lutte contre le COVID-19 a domin\u00e9 les travaux. La lutte contre le coronavirus a \u00e9t\u00e9 l\u2019un des points phares abord\u00e9 par le conseil des ministres du mercredi 6 mai 2020. Ainsi, le [&hellip;]<\/p>\n","protected":false},"author":1816,"featured_media":84584,"comment_status":"closed","ping_status":"closed","sticky":false,"template":"","format":"standard","meta":{"fifu_image_url":"","fifu_image_alt":"","footnotes":""},"categories":[73,81],"tags":[],"class_list":["post-84583","post","type-post","status-publish","format-standard","has-post-thumbnail","hentry","category-actualite","category-burkina-faso"],"_links":{"self":[{"href":"https:\/\/linitiative.ca\/International\/wp-json\/wp\/v2\/posts\/84583","targetHints":{"allow":["GET"]}}],"collection":[{"href":"https:\/\/linitiative.ca\/International\/wp-json\/wp\/v2\/posts"}],"about":[{"href":"https:\/\/linitiative.ca\/International\/wp-json\/wp\/v2\/types\/post"}],"author":[{"embeddable":true,"href":"https:\/\/linitiative.ca\/International\/wp-json\/wp\/v2\/users\/1816"}],"replies":[{"embeddable":true,"href":"https:\/\/linitiative.ca\/International\/wp-json\/wp\/v2\/comments?post=84583"}],"version-history":[{"count":0,"href":"https:\/\/linitiative.ca\/International\/wp-json\/wp\/v2\/posts\/84583\/revisions"}],"wp:featuredmedia":[{"embeddable":true,"href":"https:\/\/linitiative.ca\/International\/wp-json\/"}],"wp:attachment":[{"href":"https:\/\/linitiative.ca\/International\/wp-json\/wp\/v2\/media?parent=84583"}],"wp:term":[{"taxonomy":"category","embeddable":true,"href":"https:\/\/linitiative.ca\/International\/wp-json\/wp\/v2\/categories?post=84583"},{"taxonomy":"post_tag","embeddable":true,"href":"https:\/\/linitiative.ca\/International\/wp-json\/wp\/v2\/tags?post=84583"}],"curies":[{"name":"wp","href":"https:\/\/api.w.org\/{rel}","templated":true}]}}