{"id":84589,"date":"2020-05-06T13:19:35","date_gmt":"2020-05-06T17:19:35","guid":{"rendered":"https:\/\/linitiative.ca\/International\/cote-divoire-586-milliards-fcfa-de-marches-publics-approuves-au-1er-trimestre-2020\/"},"modified":"2020-05-06T13:19:35","modified_gmt":"2020-05-06T17:19:35","slug":"cote-divoire-586-milliards-fcfa-de-marches-publics-approuves-au-1er-trimestre-2020","status":"publish","type":"post","link":"https:\/\/linitiative.ca\/International\/cote-divoire-586-milliards-fcfa-de-marches-publics-approuves-au-1er-trimestre-2020\/","title":{"rendered":"C\u00f4te d\u2019Ivoire : 58,6 milliards FCFA de march\u00e9s publics approuv\u00e9s au 1er trimestre 2020"},"content":{"rendered":"<div readability=\"32\">\n<p>Publi\u00e9 le 06.05.2020 \u00e0 18h19 par APA News<\/p>\n<\/div>\n<div readability=\"79\">\n<p>Le montant des march\u00e9s publics approuv\u00e9s \u00e0 fin mars 2020 en C\u00f4te d\u2019Ivoire s\u2019\u00e9l\u00e8ve \u00e0 58,6, milliards FCFA contre 170,5 milliards FCFA \u00e0 la m\u00eame p\u00e9riode en 2019, soit une baisse de 65,6%.\u00a0L\u2019information a \u00e9t\u00e9 donn\u00e9e mercredi par Sidi Ti\u00e9moko Tour\u00e9, le porte-parole du gouvernement ivoirien au terme d\u2019un Conseil des ministres pr\u00e9sid\u00e9 par le pr\u00e9sident Alassane Ouattara.\u00a0<\/p>\n<p>En nombre, a ajout\u00e9 M. Tour\u00e9 qui est par ailleurs, le ministre de la Communication et des m\u00e9dias, 185 march\u00e9s ont \u00e9t\u00e9 approuv\u00e9s au premier trimestre 2020 contre 516 \u00e0 la m\u00eame p\u00e9riode en 2019, soit une baisse de 64,1% .<\/p>\n<p>\u00ab \u00a0Les proc\u00e9dures concurrentielles portant sur les appels d\u2019offre repr\u00e9sentent 73,7% des march\u00e9s approuv\u00e9s \u00e0 fin mars 2020 contre 76,8% \u00e0 fin mars 2019\u2026Les proc\u00e9dures non concurrentielles incluant les march\u00e9s de gr\u00e9 \u00e0 gr\u00e9 repr\u00e9sentent 25,5% du montant des march\u00e9s approuv\u00e9s au premier trimestre 2020 contre 21% \u00e0 la m\u00eame p\u00e9riode en 2019 soit une hausse de 4,5%\u00bb, a-t-il pr\u00e9cis\u00e9.<\/p>\n<p>\u00a0Selon M. Tour\u00e9, cette \u00a0tendance \u00e0 la baisse observ\u00e9e globalement dans les op\u00e9rations de passation des march\u00e9s publics au premier trimestre 2020 s\u2019explique par les retards observ\u00e9s dans la finalisation des formalit\u00e9s li\u00e9es au basculement en mode budget programme et au d\u00e9veloppement du nouveau Syst\u00e8me d\u2019information budg\u00e9taire.<\/p>\n<p>\u00a0Toutefois, a-t-il fait remarquer, la part des march\u00e9s attribu\u00e9es aux PME est pass\u00e9e de 10,4% \u00e0 fin mars 2019 \u00e0 18,7% \u00e0 fin mars 2020, soit une hausse de 8,3%.<\/p>\n<p>Le montant des march\u00e9s publics approuv\u00e9s en C\u00f4te d\u2019Ivoire au terme du premier trimestre 2019 s\u2019\u00e9levait \u00e0 170,5 milliards FCFA contre 169 milliards FCFA pour la m\u00eame p\u00e9riode en 2018.<\/p>\n<\/div>\n<p>Auteur: APA News<br \/>\n<a href=\"https:\/\/www.journalducameroun.com\/cote-divoire-586-milliards-fcfa-de-marches-publics-approuves-au-1er-trimestre-2020\/\">Cliquez ici pour lire l&rsquo;article depuis sa source.<\/a><\/p>\n","protected":false},"excerpt":{"rendered":"<p>Publi\u00e9 le 06.05.2020 \u00e0 18h19 par APA News Le montant des march\u00e9s publics approuv\u00e9s \u00e0 fin mars 2020 en C\u00f4te d\u2019Ivoire s\u2019\u00e9l\u00e8ve \u00e0 58,6, milliards FCFA contre 170,5 milliards FCFA \u00e0 la m\u00eame p\u00e9riode en 2019, soit une baisse de 65,6%.\u00a0L\u2019information a \u00e9t\u00e9 donn\u00e9e mercredi par Sidi Ti\u00e9moko Tour\u00e9, le porte-parole du gouvernement ivoirien au [&hellip;]<\/p>\n","protected":false},"author":1965,"featured_media":0,"comment_status":"closed","ping_status":"closed","sticky":false,"template":"","format":"standard","meta":{"fifu_image_url":"","fifu_image_alt":"","footnotes":""},"categories":[73,82],"tags":[],"class_list":["post-84589","post","type-post","status-publish","format-standard","hentry","category-actualite","category-cameroun"],"_links":{"self":[{"href":"https:\/\/linitiative.ca\/International\/wp-json\/wp\/v2\/posts\/84589","targetHints":{"allow":["GET"]}}],"collection":[{"href":"https:\/\/linitiative.ca\/International\/wp-json\/wp\/v2\/posts"}],"about":[{"href":"https:\/\/linitiative.ca\/International\/wp-json\/wp\/v2\/types\/post"}],"author":[{"embeddable":true,"href":"https:\/\/linitiative.ca\/International\/wp-json\/wp\/v2\/users\/1965"}],"replies":[{"embeddable":true,"href":"https:\/\/linitiative.ca\/International\/wp-json\/wp\/v2\/comments?post=84589"}],"version-history":[{"count":0,"href":"https:\/\/linitiative.ca\/International\/wp-json\/wp\/v2\/posts\/84589\/revisions"}],"wp:attachment":[{"href":"https:\/\/linitiative.ca\/International\/wp-json\/wp\/v2\/media?parent=84589"}],"wp:term":[{"taxonomy":"category","embeddable":true,"href":"https:\/\/linitiative.ca\/International\/wp-json\/wp\/v2\/categories?post=84589"},{"taxonomy":"post_tag","embeddable":true,"href":"https:\/\/linitiative.ca\/International\/wp-json\/wp\/v2\/tags?post=84589"}],"curies":[{"name":"wp","href":"https:\/\/api.w.org\/{rel}","templated":true}]}}