{"id":84591,"date":"2020-05-06T13:21:11","date_gmt":"2020-05-06T17:21:11","guid":{"rendered":"https:\/\/linitiative.ca\/International\/le-premier-ministre-ivoirien-se-porte-bien-apres-quelques-examens-de-routine-en-france-ministre\/"},"modified":"2020-05-06T13:21:11","modified_gmt":"2020-05-06T17:21:11","slug":"le-premier-ministre-ivoirien-se-porte-bien-apres-quelques-examens-de-routine-en-france-ministre","status":"publish","type":"post","link":"https:\/\/linitiative.ca\/International\/le-premier-ministre-ivoirien-se-porte-bien-apres-quelques-examens-de-routine-en-france-ministre\/","title":{"rendered":"Le premier ministre ivoirien \u00ab se porte bien\u00bb apr\u00e8s quelques \u00ab examens de routine\u00bb en France (Ministre)"},"content":{"rendered":"<div readability=\"32\">\n<p>Publi\u00e9 le 06.05.2020 \u00e0 18h21 par APA News<\/p>\n<\/div>\n<div readability=\"56\">\n<p>Le Premier ministre ivoirien Amadou Gon Coulibaly qui est \u00e0 Paris en France depuis dimanche dernier pour un \u00abcontr\u00f4le m\u00e9dical\u00bb, \u00abse porte bien apr\u00e8s quelques examens de routine\u00bb, a assur\u00e9 mercredi \u00e0 Abidjan Sidi Ti\u00e9moko Tour\u00e9, le porte-parole du gouvernement ivoirien au terme d\u2019un Conseil des ministres pr\u00e9sid\u00e9 par le chef de l\u2019\u00c9tat Alassane Ouattara.\u00a0\u00ab Je voudrais partager avec vous que le premier ministre se porte bien. Il est en France depuis quelques jours pour effectuer quelques examens de routine. Il a effectu\u00e9 un examen de coronarographie qui est une technique d\u2019imagerie m\u00e9dicale utilis\u00e9e en cardiologie\u2026 En r\u00e9alit\u00e9 c\u2019est une op\u00e9ration courante et r\u00e9guli\u00e8re en mati\u00e8re m\u00e9dicale\u00bb, a expliqu\u00e9 M. Tour\u00e9 dans une conf\u00e9rence de presse au terme de cette r\u00e9union hebdomadaire du gouvernement ivoirien.<\/p>\n<p>\u00a0\u00ab \u00a0A l\u2019issue de cet examen, il lui a \u00e9t\u00e9 pr\u00e9conis\u00e9 un repos m\u00e9dical\u2026 Tout se passe bien\u00bb, a insist\u00e9 M. Tour\u00e9 qui dit avoir \u00e9chang\u00e9 avec le premier ministre ivoirien \u00ab ce matin \u00bb.<\/p>\n<p>Le chef du gouvernement ivoirien est \u00a0en France depuis dimanche pour un \u00ab contr\u00f4le m\u00e9dical \u00bb. Lundi, il a effectu\u00e9 un examen de coronarographie \u00e0 l\u2019issue duquel son m\u00e9decin traitant lui a prescrit un suivi m\u00e9dical et une p\u00e9riode de repos.<\/p>\n<p>Selon le gouvernement ivoirien, M. Gon Coulibaly dont l\u2019int\u00e9rim est assur\u00e9 par Hamed Bakayoko, le ministre d\u2019\u00c9tat charg\u00e9 de la d\u00e9fense, poursuivra son s\u00e9jour en France pour \u00ab quelques semaines \u00bb avant de regagner la C\u00f4te d\u2019Ivoire.<\/p>\n<\/div>\n<p>Auteur: APA News<br \/>\n<a href=\"https:\/\/www.journalducameroun.com\/le-premier-ministre-ivoirien-se-porte-bien-apres-quelques-examens-de-routine-en-france-ministre\/\">Cliquez ici pour lire l&rsquo;article depuis sa source.<\/a><\/p>\n","protected":false},"excerpt":{"rendered":"<p>Publi\u00e9 le 06.05.2020 \u00e0 18h21 par APA News Le Premier ministre ivoirien Amadou Gon Coulibaly qui est \u00e0 Paris en France depuis dimanche dernier pour un \u00abcontr\u00f4le m\u00e9dical\u00bb, \u00abse porte bien apr\u00e8s quelques examens de routine\u00bb, a assur\u00e9 mercredi \u00e0 Abidjan Sidi Ti\u00e9moko Tour\u00e9, le porte-parole du gouvernement ivoirien au terme d\u2019un Conseil des ministres [&hellip;]<\/p>\n","protected":false},"author":1965,"featured_media":0,"comment_status":"closed","ping_status":"closed","sticky":false,"template":"","format":"standard","meta":{"fifu_image_url":"","fifu_image_alt":"","footnotes":""},"categories":[73,82],"tags":[],"class_list":["post-84591","post","type-post","status-publish","format-standard","hentry","category-actualite","category-cameroun"],"_links":{"self":[{"href":"https:\/\/linitiative.ca\/International\/wp-json\/wp\/v2\/posts\/84591","targetHints":{"allow":["GET"]}}],"collection":[{"href":"https:\/\/linitiative.ca\/International\/wp-json\/wp\/v2\/posts"}],"about":[{"href":"https:\/\/linitiative.ca\/International\/wp-json\/wp\/v2\/types\/post"}],"author":[{"embeddable":true,"href":"https:\/\/linitiative.ca\/International\/wp-json\/wp\/v2\/users\/1965"}],"replies":[{"embeddable":true,"href":"https:\/\/linitiative.ca\/International\/wp-json\/wp\/v2\/comments?post=84591"}],"version-history":[{"count":0,"href":"https:\/\/linitiative.ca\/International\/wp-json\/wp\/v2\/posts\/84591\/revisions"}],"wp:attachment":[{"href":"https:\/\/linitiative.ca\/International\/wp-json\/wp\/v2\/media?parent=84591"}],"wp:term":[{"taxonomy":"category","embeddable":true,"href":"https:\/\/linitiative.ca\/International\/wp-json\/wp\/v2\/categories?post=84591"},{"taxonomy":"post_tag","embeddable":true,"href":"https:\/\/linitiative.ca\/International\/wp-json\/wp\/v2\/tags?post=84591"}],"curies":[{"name":"wp","href":"https:\/\/api.w.org\/{rel}","templated":true}]}}