{"id":84593,"date":"2020-05-06T16:18:35","date_gmt":"2020-05-06T20:18:35","guid":{"rendered":"https:\/\/linitiative.ca\/International\/covid-19-botswana-opte-pour-le-deconfinement-partiel\/"},"modified":"2020-05-06T16:18:35","modified_gmt":"2020-05-06T20:18:35","slug":"covid-19-botswana-opte-pour-le-deconfinement-partiel","status":"publish","type":"post","link":"https:\/\/linitiative.ca\/International\/covid-19-botswana-opte-pour-le-deconfinement-partiel\/","title":{"rendered":"Covid-19 : Botswana opte pour le d\u00e9confinement partiel"},"content":{"rendered":"<div readability=\"32\">\n<p>Publi\u00e9 le 06.05.2020 \u00e0 21h18 par APA News<\/p>\n<\/div>\n<div readability=\"69\">\n<p>Le parlement du Botswana a adopt\u00e9 mercredi une motion qui verra le gouvernement proc\u00e9der \u00e0 un assouplissement progressif des mesures de confinement \u00e0 partir du 8 mai.Devant les parlementaires convoqu\u00e9s\u00a0en session sp\u00e9ciale \u00e0 Gaborone, le vice-pr\u00e9sident Slumber Tsogwane, a soutenu que le pays a\u00a0d\u00e9cid\u00e9 de rouvrir son \u00e9conomie de mani\u00e8re \u00e9chelonn\u00e9e au cours des prochains mois.<\/p>\n<p>\u00a0\u00ab\u00a0Sur la base de notre r\u00e9ponse \u00e0 ce jour et de la trajectoire actuelle de la maladie, nous avons d\u00e9cid\u00e9 d\u2019ouvrir notre \u00e9conomie, bien que de mani\u00e8re progressive, tout en observant les sch\u00e9mas pathologiques\u00a0\u00bb, a d\u00e9clar\u00e9 M. Tsogwane.<\/p>\n<p>\u00a0Il a d\u00e9clar\u00e9 que le d\u00e9confinement partiel aurait lieu du 8 au 20 mai, p\u00e9riode pendant laquelle \u00ab\u00a0les entreprises, les commerces et les \u00e9coles peuvent fonctionner \u00e0 condition que le directeur des services de sant\u00e9 soit convaincu que ces entreprises, commerces et \u00e9coles ont la capacit\u00e9 de prendre la temp\u00e9rature corporelle de toutes les personnes qui y acc\u00e8dent\u00a0\u00bb.<\/p>\n<p>\u00a0Les entreprises ou les \u00e9coles doivent d\u2019\u00eatre r\u00e9guli\u00e8rement d\u00e9sinfect\u00e9es, a d\u00e9clar\u00e9 le vice-pr\u00e9sident.<\/p>\n<p>\u00a0\u00ab\u00a0Toutefois, pendant cette p\u00e9riode, aucune vente d\u2019alcool ou de tabac ne sera autoris\u00e9e jusqu\u2019\u00e0 nouvel ordre\u00a0\u00bb.<\/p>\n<p>\u00a0Il a d\u00e9clar\u00e9 que cette mesure serait \u00ab\u00a0r\u00e9vis\u00e9 de temps en temps, en fonction de la situation du Covid-19 dans le pays, la r\u00e9gion et le monde en g\u00e9n\u00e9ral\u00a0\u00bb.<\/p>\n<p>\u00a0Le Botswana a jusqu\u2019\u00e0 pr\u00e9sent enregistr\u00e9 23 cas de coronavirus.<\/p>\n<\/div>\n<p>Auteur: APA News<br \/>\n<a href=\"https:\/\/www.journalducameroun.com\/covid-19-botswana-opte-pour-le-deconfinement-partiel\/\">Cliquez ici pour lire l&rsquo;article depuis sa source.<\/a><\/p>\n","protected":false},"excerpt":{"rendered":"<p>Publi\u00e9 le 06.05.2020 \u00e0 21h18 par APA News Le parlement du Botswana a adopt\u00e9 mercredi une motion qui verra le gouvernement proc\u00e9der \u00e0 un assouplissement progressif des mesures de confinement \u00e0 partir du 8 mai.Devant les parlementaires convoqu\u00e9s\u00a0en session sp\u00e9ciale \u00e0 Gaborone, le vice-pr\u00e9sident Slumber Tsogwane, a soutenu que le pays a\u00a0d\u00e9cid\u00e9 de rouvrir son [&hellip;]<\/p>\n","protected":false},"author":1965,"featured_media":0,"comment_status":"closed","ping_status":"closed","sticky":false,"template":"","format":"standard","meta":{"fifu_image_url":"","fifu_image_alt":"","footnotes":""},"categories":[73,82],"tags":[],"class_list":["post-84593","post","type-post","status-publish","format-standard","hentry","category-actualite","category-cameroun"],"_links":{"self":[{"href":"https:\/\/linitiative.ca\/International\/wp-json\/wp\/v2\/posts\/84593","targetHints":{"allow":["GET"]}}],"collection":[{"href":"https:\/\/linitiative.ca\/International\/wp-json\/wp\/v2\/posts"}],"about":[{"href":"https:\/\/linitiative.ca\/International\/wp-json\/wp\/v2\/types\/post"}],"author":[{"embeddable":true,"href":"https:\/\/linitiative.ca\/International\/wp-json\/wp\/v2\/users\/1965"}],"replies":[{"embeddable":true,"href":"https:\/\/linitiative.ca\/International\/wp-json\/wp\/v2\/comments?post=84593"}],"version-history":[{"count":0,"href":"https:\/\/linitiative.ca\/International\/wp-json\/wp\/v2\/posts\/84593\/revisions"}],"wp:attachment":[{"href":"https:\/\/linitiative.ca\/International\/wp-json\/wp\/v2\/media?parent=84593"}],"wp:term":[{"taxonomy":"category","embeddable":true,"href":"https:\/\/linitiative.ca\/International\/wp-json\/wp\/v2\/categories?post=84593"},{"taxonomy":"post_tag","embeddable":true,"href":"https:\/\/linitiative.ca\/International\/wp-json\/wp\/v2\/tags?post=84593"}],"curies":[{"name":"wp","href":"https:\/\/api.w.org\/{rel}","templated":true}]}}