{"id":84594,"date":"2020-05-06T12:10:46","date_gmt":"2020-05-06T16:10:46","guid":{"rendered":"https:\/\/linitiative.ca\/International\/covid-19-des-camerounais-bloques-a-letranger-seront-rapatries-des-ce-8-mai\/"},"modified":"2020-05-06T12:10:46","modified_gmt":"2020-05-06T16:10:46","slug":"covid-19-des-camerounais-bloques-a-letranger-seront-rapatries-des-ce-8-mai","status":"publish","type":"post","link":"https:\/\/linitiative.ca\/International\/covid-19-des-camerounais-bloques-a-letranger-seront-rapatries-des-ce-8-mai\/","title":{"rendered":"Covid-19 : des Camerounais bloqu\u00e9s \u00e0 l\u2019\u00e9tranger seront rapatri\u00e9s d\u00e8s ce 8 mai"},"content":{"rendered":"<div id=\"the-post\">\n<div class=\"featured-area featured-area-inner\"><img loading=\"lazy\" decoding=\"async\" width=\"512\" height=\"341\" src=\"https:\/\/ecomatin.net\/wp-content\/uploads\/2020\/05\/RAPATRIEMENT.jpg\" class=\"attachment-jannah-image-post size-jannah-image-post wp-post-image\" alt=\"Un qvion de rapatriement\" srcset=\"https:\/\/ecomatin.net\/wp-content\/uploads\/2020\/05\/RAPATRIEMENT.jpg 512w, https:\/\/ecomatin.net\/wp-content\/uploads\/2020\/05\/RAPATRIEMENT-300x200.jpg 300w\" sizes=\"auto, (max-width: 512px) 100vw, 512px\" data-attachment-id=\"15796\" data-permalink=\"https:\/\/ecomatin.net\/covid-19-des-camerounais-bloques-a-letranger-seront-rapatries-des-ce-8-mai\/rapatriement\/\" data-orig-file=\"https:\/\/ecomatin.net\/wp-content\/uploads\/2020\/05\/RAPATRIEMENT.jpg\" data-orig-size=\"512,341\" data-comments-opened=\"0\" data-image-meta=\"{&quot;aperture&quot;:&quot;0&quot;,&quot;credit&quot;:&quot;&quot;,&quot;camera&quot;:&quot;&quot;,&quot;caption&quot;:&quot;&quot;,&quot;created_timestamp&quot;:&quot;0&quot;,&quot;copyright&quot;:&quot;&quot;,&quot;focal_length&quot;:&quot;0&quot;,&quot;iso&quot;:&quot;0&quot;,&quot;shutter_speed&quot;:&quot;0&quot;,&quot;title&quot;:&quot;&quot;,&quot;orientation&quot;:&quot;0&quot;}\" data-image-title=\"RAPATRIEMENT\" data-image-description=\"\" data-medium-file=\"https:\/\/ecomatin.net\/wp-content\/uploads\/2020\/05\/RAPATRIEMENT-300x200.jpg\" data-large-file=\"https:\/\/ecomatin.net\/wp-content\/uploads\/2020\/05\/RAPATRIEMENT.jpg\"\/><\/div>\n<div class=\"entry-content entry clearfix\" readability=\"47.765363128492\">\n<p>Ils retournent dans leur pays d\u2019origine d\u00e8s ce 8 mai 2020. Bloqu\u00e9s \u00e0 l\u2019\u00e9tranger depuis la survenue de la pand\u00e9mie de Covid-19,\u00a0 quelques 668 Camerounais retrouveront leurs familles du 8 au 11 mai 2010 selon un calendrier bien d\u00e9fini par le minist\u00e8re des Relations ext\u00e9rieures(Minrex).<\/p>\n<p>Le programme pr\u00e9voit que les premiers compatriotes en provenance d\u2019Abuja au Nig\u00e9ria, Dakar au S\u00e9n\u00e9gal et Cotonou au B\u00e9nin fouleront le sol de l\u2019a\u00e9roport international de Nsimalen \u00e0 Yaound\u00e9 le 8 mai 2020. Les voyages vont se poursuivre le 9 mai avec ceux bloqu\u00e9s \u00e0 Johannesburg en Afrique du Sud et Duba\u00ef aux Emirats arabes Unis. Le m\u00eame jour, les Camerounais de Toronto(Canada), Washington (Etats-Unis d\u2019Am\u00e9rique), Paris(France) Sao Paulo (Br\u00e9sil) transiteront par Addis-Abeba en Ethiopie pour atterrir \u00e0 Nsimalen le 10 mai 2020. Au m\u00eame moment les compatriotes se trouvant \u00e0 Tunis, capitale tunisienne et Lom\u00e9, capitale togolaise, seront en train de retourner au bercail.\u00a0L\u2019op\u00e9ration sera boucl\u00e9e\u00a0 le 11 mai 2020 avec les compatriotes en provenance de Libreville au Gabon, Kinshasa, capitale de la R\u00e9publique d\u00e9mocratique du Congo(<strong>RDC)<\/strong>\u00a0et Bangui en R\u00e9publique Centrafricaine.<\/p>\n<p>Cette d\u00e9cision est l\u2019une des r\u00e9ponses \u00e0 l\u2019appel du premier ministre Joseph Dion Ngute \u00e0 l\u2019issue de la r\u00e9union du comit\u00e9\u00a0 interminist\u00e9riel charg\u00e9 d\u2019\u00e9valuer et de suivre la mise de la strat\u00e9gie de riposte du gouvernement contre la pand\u00e9mie du Covid-19 tenue le 23 avril dernier. A cet effet, il avait recommand\u00e9 au Minrex Lejeune Mbella Mbella de prendre attache avec les services ext\u00e9rieurs pour le rapatriement des Camerounais rest\u00e9s bloqu\u00e9s \u00e0 l\u2019\u00e9tranger \u00e0 cause de la fermeture des fronti\u00e8res.<\/p>\n<p>Un premier contingent de 675 Camerounais a d\u00e9j\u00e0 \u00e9t\u00e9 rapatri\u00e9 depuis le 18 mars. \u00a0Ce sera au moins 1343 qui auront regagn\u00e9 leur pays.<\/p>\n<p class=\"has-background has-very-light-gray-background-color c2\"><strong><code>&gt;&gt;LIRE AUSSI-<\/code><a href=\"https:\/\/ecomatin.net\/covid-19-668-camerounais-bloques-a-letranger\/\">Covid-19 : 668 Camerounais bloqu\u00e9s \u00e0 l\u2019\u00e9tranger<\/a><\/strong><\/p>\n<div class=\"awac-wrapper awac widget posts-list-widget-13\">\n<h4 class=\"widget-title\">Recent Posts<\/h4>\n<\/div>\n<\/div>\n<\/div>\n<div readability=\"31.5\">\n<div class=\"container-wrapper subscribe-widget widget-inner-wrap subscribe-widget-content\" id=\"post-newsletter\" readability=\"33\">\n<h4>With Product You Purchase<\/h4>\n<h3>Subscribe to our mailing list to get the new updates!<\/h3>\n<p>Lorem ipsum dolor sit amet, consectetur.<\/p>\n<\/div>\n<\/div>\n<p>Auteur: EcoMatin<br \/>\n<a href=\"https:\/\/ecomatin.net\/covid-19-des-camerounais-bloques-a-letranger-seront-rapatries-des-ce-8-mai\/\">Cliquez ici pour lire l&rsquo;article depuis sa source.<\/a><\/p>\n","protected":false},"excerpt":{"rendered":"<p>Ils retournent dans leur pays d\u2019origine d\u00e8s ce 8 mai 2020. Bloqu\u00e9s \u00e0 l\u2019\u00e9tranger depuis la survenue de la pand\u00e9mie de Covid-19,\u00a0 quelques 668 Camerounais retrouveront leurs familles du 8 au 11 mai 2010 selon un calendrier bien d\u00e9fini par le minist\u00e8re des Relations ext\u00e9rieures(Minrex). Le programme pr\u00e9voit que les premiers compatriotes en provenance d\u2019Abuja [&hellip;]<\/p>\n","protected":false},"author":1969,"featured_media":84595,"comment_status":"closed","ping_status":"closed","sticky":false,"template":"","format":"standard","meta":{"fifu_image_url":"","fifu_image_alt":"","footnotes":""},"categories":[82,78],"tags":[],"class_list":["post-84594","post","type-post","status-publish","format-standard","has-post-thumbnail","hentry","category-cameroun","category-economie"],"_links":{"self":[{"href":"https:\/\/linitiative.ca\/International\/wp-json\/wp\/v2\/posts\/84594","targetHints":{"allow":["GET"]}}],"collection":[{"href":"https:\/\/linitiative.ca\/International\/wp-json\/wp\/v2\/posts"}],"about":[{"href":"https:\/\/linitiative.ca\/International\/wp-json\/wp\/v2\/types\/post"}],"author":[{"embeddable":true,"href":"https:\/\/linitiative.ca\/International\/wp-json\/wp\/v2\/users\/1969"}],"replies":[{"embeddable":true,"href":"https:\/\/linitiative.ca\/International\/wp-json\/wp\/v2\/comments?post=84594"}],"version-history":[{"count":0,"href":"https:\/\/linitiative.ca\/International\/wp-json\/wp\/v2\/posts\/84594\/revisions"}],"wp:featuredmedia":[{"embeddable":true,"href":"https:\/\/linitiative.ca\/International\/wp-json\/"}],"wp:attachment":[{"href":"https:\/\/linitiative.ca\/International\/wp-json\/wp\/v2\/media?parent=84594"}],"wp:term":[{"taxonomy":"category","embeddable":true,"href":"https:\/\/linitiative.ca\/International\/wp-json\/wp\/v2\/categories?post=84594"},{"taxonomy":"post_tag","embeddable":true,"href":"https:\/\/linitiative.ca\/International\/wp-json\/wp\/v2\/tags?post=84594"}],"curies":[{"name":"wp","href":"https:\/\/api.w.org\/{rel}","templated":true}]}}