{"id":84598,"date":"2020-05-06T12:58:56","date_gmt":"2020-05-06T16:58:56","guid":{"rendered":"https:\/\/linitiative.ca\/International\/noso-letat-mobilise-89-milliards-de-fcfa-pour-la-reconstruction-des-zones-anglophones\/"},"modified":"2020-05-06T12:58:56","modified_gmt":"2020-05-06T16:58:56","slug":"noso-letat-mobilise-89-milliards-de-fcfa-pour-la-reconstruction-des-zones-anglophones","status":"publish","type":"post","link":"https:\/\/linitiative.ca\/International\/noso-letat-mobilise-89-milliards-de-fcfa-pour-la-reconstruction-des-zones-anglophones\/","title":{"rendered":"NOSO : l\u2019\u00e9tat mobilise 8,9 milliards de FCFA pour la reconstruction des zones anglophones"},"content":{"rendered":"<div id=\"the-post\">\n<div class=\"featured-area featured-area-inner\"><img loading=\"lazy\" decoding=\"async\" width=\"780\" height=\"470\" src=\"https:\/\/ecomatin.net\/wp-content\/uploads\/2020\/05\/NOSO-780x470.png\" class=\"attachment-jannah-image-post size-jannah-image-post wp-post-image\" alt=\"NOSO\" data-attachment-id=\"15806\" data-permalink=\"https:\/\/ecomatin.net\/noso-letat-mobilise-89-milliards-de-fcfa-pour-la-reconstruction-des-zones-anglophones\/noso-2\/\" data-orig-file=\"https:\/\/ecomatin.net\/wp-content\/uploads\/2020\/05\/NOSO.png\" data-orig-size=\"790,483\" data-comments-opened=\"0\" data-image-meta=\"{&quot;aperture&quot;:&quot;0&quot;,&quot;credit&quot;:&quot;&quot;,&quot;camera&quot;:&quot;&quot;,&quot;caption&quot;:&quot;&quot;,&quot;created_timestamp&quot;:&quot;0&quot;,&quot;copyright&quot;:&quot;&quot;,&quot;focal_length&quot;:&quot;0&quot;,&quot;iso&quot;:&quot;0&quot;,&quot;shutter_speed&quot;:&quot;0&quot;,&quot;title&quot;:&quot;&quot;,&quot;orientation&quot;:&quot;0&quot;}\" data-image-title=\"NOSO\" data-image-description=\"\" data-medium-file=\"https:\/\/ecomatin.net\/wp-content\/uploads\/2020\/05\/NOSO-300x183.png\" data-large-file=\"https:\/\/ecomatin.net\/wp-content\/uploads\/2020\/05\/NOSO.png\"\/><\/div>\n<div class=\"entry-content entry clearfix\" readability=\"49.254915254237\">\n<p>Le ministre de l\u2019Economie, de la Planification et de l\u2019Am\u00e9nagement du territoire (Minepat), Alamine Ousmane Mey et le repr\u00e9sentant r\u00e9sident du Programme des\u00a0Nations Unies pour le D\u00e9veloppement (Pnud) au Cameroun, Jan Luc Stalon ont sign\u00e9 le 5 mai le document du Programme pr\u00e9sidentiel pour la reconstruction et le d\u00e9veloppement (Pprd) des r\u00e9gions du Nord-Ouest et du Sud-Ouest et l\u2019accord de financement du gouvernement destin\u00e9 au d\u00e9marrage dudit programme, qui aura un dur\u00e9e de 2 ans. Celui-ci a pour objectif de\u00a0\u00ab\u00a0<em>restaurer la coh\u00e9sion sociale, reconstruire et r\u00e9habiliter les infrastructures de base et redynamiser l\u2019\u00e9conomie locale<\/em>\u00a0\u00bb, comme l\u2019a martel\u00e9 Alamine Ousmane Mey, dans son allocution.<\/p>\n<p>Au cours de cette c\u00e9r\u00e9monie, le Minepat a annonc\u00e9 la quote-part du gouvernement dans ce programme \u00e9tablie \u00e0 hauteur de 8,9 milliards de FCFA en cours de mobilisation pour \u00eatre mis \u00e0 la disposition du Pnud. Ce montant \u00e9quivaut \u00e0 10% du budget global qui s\u2019\u00e9l\u00e8ve \u00e0 89,62 milliards de FCFA. Le reste sera\u00a0\u00a0l\u2019appui d\u2019un partenaire comme l\u2019a indiqu\u00e9 le repr\u00e9sentant du Pnud Jean Luc Stalon : \u00ab\u00a0<em>le Pnud aux c\u00f4t\u00e9s du gouvernement vont mettre en place toute une strat\u00e9gie de mobilisation de ressources pour que nous ayons la contribution d\u2019un partenariat. Il y a d\u00e9j\u00e0 des partenaires, qui ont indiqu\u00e9 un int\u00e9r\u00eat fort pour ce programme. Nous allons multiplier les efforts pour continuer \u00e0 aller vers eux jusqu\u2019\u00e0 la mat\u00e9rialisation de leurs contributions \u00e0 ce programme. Pour le\u00a0\u00a0moment nous avons 10% des ressources disponibles mais \u00e9videmment notre travail c\u2019est aller aupr\u00e8s des autres partenaires faire le plaidoyer de la mobilisation des ressources additionnelles pour permettre la mise en \u0153uvre compl\u00e8te de ce plan\u00a0<\/em>\u00bb.<\/p>\n<p>Pour rappel, le programme pr\u00e9sidentiel de reconstruction et de d\u00e9veloppement (Pprd) des r\u00e9gions du Nord-Ouest et du Sud-Ouest, est une des r\u00e9solutions adopt\u00e9e lors du grand dialogue nationale tenu au mois de septembre 2019 par le premier ministre Joseph Dion Ngute. Il est une composante du Programme de d\u00e9veloppement national qui court quant-\u00e0-lui sur 10 ans en vue de r\u00e9duire les effets de la crise sur les populations et l\u2019\u00e9conomie des deux r\u00e9gions<\/p>\n<p class=\"has-background has-very-light-gray-background-color c2\"><strong><code>&gt;&gt;LIRE AUSSI-<\/code><a href=\"https:\/\/ecomatin.net\/pnud-et-ministere-du-commerce-lancent-une-etude-pour-mieux-approvisionner-les-marches-de-lextreme-nord\/\">PNUD et minist\u00e8re du Commerce lancent une \u00e9tude pour mieux approvisionner les march\u00e9s de l\u2019Extr\u00eame-nord<\/a><\/strong><\/p>\n<div class=\"awac-wrapper awac widget posts-list-widget-13\">\n<h4 class=\"widget-title\">Recent Posts<\/h4>\n<\/div>\n<\/div>\n<\/div>\n<div readability=\"31.5\">\n<div class=\"container-wrapper subscribe-widget widget-inner-wrap subscribe-widget-content\" id=\"post-newsletter\" readability=\"33\">\n<h4>With Product You Purchase<\/h4>\n<h3>Subscribe to our mailing list to get the new updates!<\/h3>\n<p>Lorem ipsum dolor sit amet, consectetur.<\/p>\n<\/div>\n<\/div>\n<p>Auteur: EcoMatin<br \/>\n<a href=\"https:\/\/ecomatin.net\/noso-letat-mobilise-89-milliards-de-fcfa-pour-la-reconstruction-des-zones-anglophones\/\">Cliquez ici pour lire l&rsquo;article depuis sa source.<\/a><\/p>\n","protected":false},"excerpt":{"rendered":"<p>Le ministre de l\u2019Economie, de la Planification et de l\u2019Am\u00e9nagement du territoire (Minepat), Alamine Ousmane Mey et le repr\u00e9sentant r\u00e9sident du Programme des\u00a0Nations Unies pour le D\u00e9veloppement (Pnud) au Cameroun, Jan Luc Stalon ont sign\u00e9 le 5 mai le document du Programme pr\u00e9sidentiel pour la reconstruction et le d\u00e9veloppement (Pprd) des r\u00e9gions du Nord-Ouest et [&hellip;]<\/p>\n","protected":false},"author":1969,"featured_media":84599,"comment_status":"closed","ping_status":"closed","sticky":false,"template":"","format":"standard","meta":{"fifu_image_url":"","fifu_image_alt":"","footnotes":""},"categories":[82,78],"tags":[],"class_list":["post-84598","post","type-post","status-publish","format-standard","has-post-thumbnail","hentry","category-cameroun","category-economie"],"_links":{"self":[{"href":"https:\/\/linitiative.ca\/International\/wp-json\/wp\/v2\/posts\/84598","targetHints":{"allow":["GET"]}}],"collection":[{"href":"https:\/\/linitiative.ca\/International\/wp-json\/wp\/v2\/posts"}],"about":[{"href":"https:\/\/linitiative.ca\/International\/wp-json\/wp\/v2\/types\/post"}],"author":[{"embeddable":true,"href":"https:\/\/linitiative.ca\/International\/wp-json\/wp\/v2\/users\/1969"}],"replies":[{"embeddable":true,"href":"https:\/\/linitiative.ca\/International\/wp-json\/wp\/v2\/comments?post=84598"}],"version-history":[{"count":0,"href":"https:\/\/linitiative.ca\/International\/wp-json\/wp\/v2\/posts\/84598\/revisions"}],"wp:featuredmedia":[{"embeddable":true,"href":"https:\/\/linitiative.ca\/International\/wp-json\/"}],"wp:attachment":[{"href":"https:\/\/linitiative.ca\/International\/wp-json\/wp\/v2\/media?parent=84598"}],"wp:term":[{"taxonomy":"category","embeddable":true,"href":"https:\/\/linitiative.ca\/International\/wp-json\/wp\/v2\/categories?post=84598"},{"taxonomy":"post_tag","embeddable":true,"href":"https:\/\/linitiative.ca\/International\/wp-json\/wp\/v2\/tags?post=84598"}],"curies":[{"name":"wp","href":"https:\/\/api.w.org\/{rel}","templated":true}]}}