{"id":84607,"date":"2020-05-07T08:55:04","date_gmt":"2020-05-07T12:55:04","guid":{"rendered":"https:\/\/linitiative.ca\/International\/cndp-bientot-une-plate-forme-reservee-a-la-sensibilisation-des-jeunes\/"},"modified":"2020-05-07T08:55:04","modified_gmt":"2020-05-07T12:55:04","slug":"cndp-bientot-une-plate-forme-reservee-a-la-sensibilisation-des-jeunes","status":"publish","type":"post","link":"https:\/\/linitiative.ca\/International\/cndp-bientot-une-plate-forme-reservee-a-la-sensibilisation-des-jeunes\/","title":{"rendered":"CNDP : Bient\u00f4t une plate-forme r\u00e9serv\u00e9e \u00e0 la sensibilisation des jeunes"},"content":{"rendered":"<p><img decoding=\"async\" class=\"post_layout_5_img\" src=\"http:\/\/aujourdhui.ma\/wp-content\/uploads\/2020\/05\/CNDP-Donnees-personnelles.jpg\" alt=\"CNDP : Bient&#xF4;t une plate-forme r&#xE9;serv&#xE9;e &#xE0; la sensibilisation des jeunes\"\/><\/p>\n<p><span class=\"c5\"><strong><span class=\"c4\">Confiance num\u00e9rique et protection des donn\u00e9es personnelles<\/span><\/strong><\/span><br \/><span id=\"more-344332\"\/><\/p>\n<p><span class=\"c6\">\u00abBeaucoup de gens ont l\u2019impression que lorsqu\u2019ils sont sur un r\u00e9seau social ils sont tout seuls alors qu\u2019ils sont avec tout le monde. Et donc ils peuvent se retrouver \u00e0 parler de choses intimes, \u00e0 partager des informations priv\u00e9es et puis regretter par la suite de l\u2019avoir fait\u00bb.<\/span><\/p>\n<p>Le num\u00e9rique fait partie int\u00e9grante de la vie quotidienne du citoyen marocain. Cet outil est devenu au fil du temps un moyen incontournable d\u2019interactions et d\u2019\u00e9changes cr\u00e9ant ainsi de nombreux et nouveaux usages. En temps de crise sanitaire, le num\u00e9rique a pris davantage de place dans nos vies en raison des restrictions de d\u00e9placements. D\u00e8s lors, plusieurs solutions sont offertes aux utilisateurs pour r\u00e9pondre \u00e0 leurs besoins, ce qui implique des op\u00e9rations caract\u00e9ris\u00e9es par un flux important de donn\u00e9es personnelles.<\/p>\n<p>A cela s\u2019ajoute l\u2019utilisation exponentielle des r\u00e9seaux sociaux qui peut parfois constituer un danger pour les personnes non averties. \u00abBeaucoup de gens ont l\u2019impression que lorsqu\u2019ils sont sur un r\u00e9seau social ils sont tout seuls alors qu\u2019ils sont avec tout le monde. Et donc ils peuvent se retrouver \u00e0 parler de choses intimes, \u00e0 partager des informations priv\u00e9es et puis regretter par la suite de l\u2019avoir fait\u00bb, rappelle Omar Seghrouchni, pr\u00e9sident de la Commission nationale de contr\u00f4le de la protection des donn\u00e9es \u00e0 caract\u00e8re personnel (CNDP) dans un \u00e9change \u00e0 distance organis\u00e9 r\u00e9cemment par le mouvement \u00abMaan\u00bb sous le th\u00e8me \u00abLe citoyen et la digitalisation entre protection des donn\u00e9es personnelles et codifications des libert\u00e9s digitales\u00bb. Lors de cette visioconf\u00e9rence, le pr\u00e9sident du CNDP a mis en exergue le r\u00f4le de sensibilisation et de formation que porte la Commission nationale de contr\u00f4le de la protection des donn\u00e9es \u00e0 caract\u00e8re personnel ainsi que sa mission qui consiste \u00e0 expliquer aux citoyens comment travailler dans l\u2019espace num\u00e9rique en toute s\u00e9curit\u00e9.<\/p>\n<p>Pour lui, la probl\u00e9matique aujourd\u2019hui ne se limite plus \u00e0 la protection des donn\u00e9es \u00e0 caract\u00e8re personnel mais elle va bien au-del\u00e0 de cette question. \u00abJe dis souvent que la protection des donn\u00e9es personnelles est n\u00e9cessaire. C\u2019est un combat premier mais il y a d\u2019autres combats qui viennent en compl\u00e9ment\u00bb, rel\u00e8ve-t-il \u00e9voquant la protection des citoyens au sein de tout l\u2019\u00e9cosyst\u00e8me num\u00e9rique. Dans cette perspective, il s\u2019av\u00e8re que la protection, l\u2019\u00e9ducation et la formation des jeunes figurent parmi les points essentiels sur lesquels planche la CNDP actuellement avec les acteurs concern\u00e9s. En effet, son pr\u00e9sident a d\u00e9voil\u00e9 que la Commission a mis sur pied une plate-forme destin\u00e9e aux jeunes qui verra bient\u00f4t le jour. \u00abNous avons travaill\u00e9 sur une plate-forme pour la protection des jeunes qui est pr\u00eate \u00e0 \u00eatre utilis\u00e9e mais qui n\u2019a pas encore \u00e9t\u00e9 mise en ligne parce que nous ne voulons pas faire une op\u00e9ration de communication \u00abone shot\u00bb.<\/p>\n<p>Nous voulons lui donner toutes les chances pour s\u2019inscrire dans un d\u00e9bat \u00e0 moyen\/long terme et nous sommes en train de travailler pour la partager avec d\u2019autres acteurs qui s\u2019int\u00e9ressent \u00e0 la probl\u00e9matique\u00bb, annonce le pr\u00e9sident de la CNDP. Pour ce qui est de la commission, son pr\u00e9sident estime que l\u2019ambition serait de la transformer en un espace d\u2019\u00e2me du digital dans notre pays. Dans ce sens, l\u2019objectif est de faire passer le message que le digital n\u2019est pas une probl\u00e9matique purement technique mais \u00e9galement une probl\u00e9matique soci\u00e9tale qui doit engager toutes les composantes de la soci\u00e9t\u00e9.<\/p>\n<p>\u00abOn ne peut pas consid\u00e9rer le digital uniquement comme une histoire d\u2019informaticiens ou une question de techniciens\u00bb, pr\u00e9cise Omar Seghrouchni faisant r\u00e9f\u00e9rence \u00e0 l\u2019aspect soci\u00e9tal et culturel de l\u2019utilisation des technologies. Notons que la CNDP a \u00e9t\u00e9 cr\u00e9\u00e9e par la loi n\u00b009-08 du 18 f\u00e9vrier 2009 relative \u00e0 la protection des personnes physiques \u00e0 l\u2019\u00e9gard du traitement des donn\u00e9es \u00e0 caract\u00e8re personnel. Cette commission est charg\u00e9e de v\u00e9rifier que les traitements des donn\u00e9es personnelles sont licites, l\u00e9gaux et qu\u2019ils ne portent pas atteinte \u00e0 la vie priv\u00e9e, aux libert\u00e9s et droits fondamentaux de l\u2019Homme.<\/p>\n<p>Auteur: Ouchagour Leila<br \/>\n<a href=\"http:\/\/aujourdhui.ma\/societe\/cndp-bientot-une-plate-forme-reservee-a-la-sensibilisation-des-jeunes\">Cliquez ici pour lire l&rsquo;article depuis sa source.<\/a><\/p>\n","protected":false},"excerpt":{"rendered":"<p>Confiance num\u00e9rique et protection des donn\u00e9es personnelles \u00abBeaucoup de gens ont l\u2019impression que lorsqu\u2019ils sont sur un r\u00e9seau social ils sont tout seuls alors qu\u2019ils sont avec tout le monde. Et donc ils peuvent se retrouver \u00e0 parler de choses intimes, \u00e0 partager des informations priv\u00e9es et puis regretter par la suite de l\u2019avoir fait\u00bb. [&hellip;]<\/p>\n","protected":false},"author":1759,"featured_media":84608,"comment_status":"closed","ping_status":"closed","sticky":false,"template":"","format":"standard","meta":{"fifu_image_url":"","fifu_image_alt":"","footnotes":""},"categories":[73,54],"tags":[],"class_list":["post-84607","post","type-post","status-publish","format-standard","has-post-thumbnail","hentry","category-actualite","category-maroc"],"_links":{"self":[{"href":"https:\/\/linitiative.ca\/International\/wp-json\/wp\/v2\/posts\/84607","targetHints":{"allow":["GET"]}}],"collection":[{"href":"https:\/\/linitiative.ca\/International\/wp-json\/wp\/v2\/posts"}],"about":[{"href":"https:\/\/linitiative.ca\/International\/wp-json\/wp\/v2\/types\/post"}],"author":[{"embeddable":true,"href":"https:\/\/linitiative.ca\/International\/wp-json\/wp\/v2\/users\/1759"}],"replies":[{"embeddable":true,"href":"https:\/\/linitiative.ca\/International\/wp-json\/wp\/v2\/comments?post=84607"}],"version-history":[{"count":0,"href":"https:\/\/linitiative.ca\/International\/wp-json\/wp\/v2\/posts\/84607\/revisions"}],"wp:featuredmedia":[{"embeddable":true,"href":"https:\/\/linitiative.ca\/International\/wp-json\/"}],"wp:attachment":[{"href":"https:\/\/linitiative.ca\/International\/wp-json\/wp\/v2\/media?parent=84607"}],"wp:term":[{"taxonomy":"category","embeddable":true,"href":"https:\/\/linitiative.ca\/International\/wp-json\/wp\/v2\/categories?post=84607"},{"taxonomy":"post_tag","embeddable":true,"href":"https:\/\/linitiative.ca\/International\/wp-json\/wp\/v2\/tags?post=84607"}],"curies":[{"name":"wp","href":"https:\/\/api.w.org\/{rel}","templated":true}]}}