{"id":84611,"date":"2020-05-07T09:22:45","date_gmt":"2020-05-07T13:22:45","guid":{"rendered":"https:\/\/linitiative.ca\/International\/beaux-arts-solidarite-maroc-2020-au-chevet-des-jeunes-artistes-plasticiens\/"},"modified":"2020-05-07T09:22:45","modified_gmt":"2020-05-07T13:22:45","slug":"beaux-arts-solidarite-maroc-2020-au-chevet-des-jeunes-artistes-plasticiens","status":"publish","type":"post","link":"https:\/\/linitiative.ca\/International\/beaux-arts-solidarite-maroc-2020-au-chevet-des-jeunes-artistes-plasticiens\/","title":{"rendered":"\u00abBeaux-Arts Solidarit\u00e9 Maroc 2020\u00bb  au chevet des jeunes artistes plasticiens"},"content":{"rendered":"<header>\n<\/header>\n<div class=\"entry-content clearfix\" readability=\"65.529131985731\"><img decoding=\"async\" class=\"post_layout_5_img\" src=\"http:\/\/aujourdhui.ma\/wp-content\/uploads\/2020\/05\/Beaux-Arts-Solidarit\u00e9-Maroc-2020.jpg\" alt=\"&#xAB;Beaux-Arts Solidarit&#xE9; Maroc 2020&#xBB; au chevet des jeunes artistes plasticiens\"\/><\/p>\n<p><span class=\"c5\"><strong><span class=\"c4\">Une initiative initi\u00e9e par des artistes reconnus<\/span><\/strong><\/span><span id=\"more-344329\"\/><\/p>\n<p>Le confinement a subitement r\u00e9v\u00e9l\u00e9 un besoin g\u00e9n\u00e9ralis\u00e9 de solidarit\u00e9, de culture, et de divertissement. C\u2019est dans ce contexte que Ilyass Alami-Afilal, professionnel de la communication culturelle, et plus de 60 artistes reconnus lancent \u00abBeaux-arts Solidarit\u00e9 Maroc 2020\u00bb.<\/p>\n<p>Il s\u2019agit d\u2019une grande op\u00e9ration qui vise selon l\u2019organisateur \u00ab\u00e0 apporter un soutien effectif aux artistes par la mise en vente de leurs \u0153uvres, et par le versement int\u00e9gral des b\u00e9n\u00e9fices de l\u2019op\u00e9ration aux 5 derni\u00e8res promotions de laur\u00e9ats des 2 instituts d\u2019arts plastiques au Maroc (T\u00e9touan et Casablanca) et \u00e0 des jeunes artistes en situation pr\u00e9caire\u00bb. Cette situation particuli\u00e8re que cause le coronavirus cr\u00e9e chez les novices des fili\u00e8res de l\u2019art d\u2019\u00e9normes crises d\u2019angoisse et un doute \u00e9norme sur leur avenir. Pour les initiateurs de cette op\u00e9ration de solidarit\u00e9, \u00abces jeunes talents n\u2019ont en ce moment aucune visibilit\u00e9 sur leur avenir.<\/p>\n<p>Ils ont tr\u00e8s peu de moyens pour la pr\u00e9paration de leurs travaux de fins d\u2019\u00e9tude. Et beaucoup d\u2019entre eux manquent du minimum de ressources vitales n\u00e9cessaires en ces temps difficiles de crise sanitaire que nous vivons. Notre devoir \u00e0 tous est de ne pas laisser se faner leurs talents naissants, leurs \u00e9nergies cr\u00e9atrices, et leur foi en leur avenir !\u00bb. A cet effet, la plate-forme internet Beaux-Arts Solidaires Maroc va \u00eatre une exposition virtuelle permanente \u00e0 visiter \u00e0 toute heure du jour et de la nuit. Elle donne \u00e0 red\u00e9couvrir de grands artistes contemporains, de jeunes talents \u00e0 conna\u00eetre, des \u0153uvres \u00e0 acqu\u00e9rir \u00e0 des prix exceptionnels.<\/p>\n<p>\u00abCette initiative qui a pu r\u00e9unir plus de 100 \u0153uvres originales est soutenue par plus de 60 artistes professionnels et amateurs d\u2019art qui se sont g\u00e9n\u00e9reusement associ\u00e9s \u00e0 cette op\u00e9ration\u00bb, indiquent les organisateurs. Par ailleurs, les \u00e9tudiants ou professionnels souhaitant profiter de cette initiative de solidarit\u00e9 doivent envoyer leurs coordonn\u00e9es compl\u00e8tes sur l\u2019adresse e-mail: <a href=\"\/cdn-cgi\/l\/email-protection\" class=\"__cf_email__\" data-cfemail=\"84e5f6f0f7ebe8ede0e5f6edf0e1e9e5f6ebe7c4e3e9e5ede8aae7ebe9aa\">[email\u00a0protected]<\/a> Le public est \u00e9galement invit\u00e9 \u00e0 s\u2019inscrire sur le site de cette vente.<br \/>D\u2019ailleurs, les acheteurs pourront y acheter les \u0153uvres \u00e0 un prix exceptionnel de -20%. \u00abLes \u0153uvres seront livr\u00e9es avec certificat d\u2019authenticit\u00e9 \u00e9tabli par l\u2019artiste. L\u2019\u00e9quipe de b\u00e9n\u00e9voles constitu\u00e9e autour d\u2019Ilyass Alami-Afilal se chargera de la coordination de l\u2019ensemble du processus\u00bb, explique-t-on.<\/p>\n<\/div>\n<p>Auteur: ALM<br \/>\n<a href=\"http:\/\/aujourdhui.ma\/culture\/beaux-arts-solidarite-maroc-2020-au-chevet-des-jeunes-artistes-plasticiens\">Cliquez ici pour lire l&rsquo;article depuis sa source.<\/a><\/p>\n","protected":false},"excerpt":{"rendered":"<p>Une initiative initi\u00e9e par des artistes reconnus Le confinement a subitement r\u00e9v\u00e9l\u00e9 un besoin g\u00e9n\u00e9ralis\u00e9 de solidarit\u00e9, de culture, et de divertissement. C\u2019est dans ce contexte que Ilyass Alami-Afilal, professionnel de la communication culturelle, et plus de 60 artistes reconnus lancent \u00abBeaux-arts Solidarit\u00e9 Maroc 2020\u00bb. Il s\u2019agit d\u2019une grande op\u00e9ration qui vise selon l\u2019organisateur \u00ab\u00e0 [&hellip;]<\/p>\n","protected":false},"author":1759,"featured_media":84612,"comment_status":"closed","ping_status":"closed","sticky":false,"template":"","format":"standard","meta":{"fifu_image_url":"","fifu_image_alt":"","footnotes":""},"categories":[73,54],"tags":[],"class_list":["post-84611","post","type-post","status-publish","format-standard","has-post-thumbnail","hentry","category-actualite","category-maroc"],"_links":{"self":[{"href":"https:\/\/linitiative.ca\/International\/wp-json\/wp\/v2\/posts\/84611","targetHints":{"allow":["GET"]}}],"collection":[{"href":"https:\/\/linitiative.ca\/International\/wp-json\/wp\/v2\/posts"}],"about":[{"href":"https:\/\/linitiative.ca\/International\/wp-json\/wp\/v2\/types\/post"}],"author":[{"embeddable":true,"href":"https:\/\/linitiative.ca\/International\/wp-json\/wp\/v2\/users\/1759"}],"replies":[{"embeddable":true,"href":"https:\/\/linitiative.ca\/International\/wp-json\/wp\/v2\/comments?post=84611"}],"version-history":[{"count":0,"href":"https:\/\/linitiative.ca\/International\/wp-json\/wp\/v2\/posts\/84611\/revisions"}],"wp:featuredmedia":[{"embeddable":true,"href":"https:\/\/linitiative.ca\/International\/wp-json\/"}],"wp:attachment":[{"href":"https:\/\/linitiative.ca\/International\/wp-json\/wp\/v2\/media?parent=84611"}],"wp:term":[{"taxonomy":"category","embeddable":true,"href":"https:\/\/linitiative.ca\/International\/wp-json\/wp\/v2\/categories?post=84611"},{"taxonomy":"post_tag","embeddable":true,"href":"https:\/\/linitiative.ca\/International\/wp-json\/wp\/v2\/tags?post=84611"}],"curies":[{"name":"wp","href":"https:\/\/api.w.org\/{rel}","templated":true}]}}