{"id":84619,"date":"2020-05-07T10:05:17","date_gmt":"2020-05-07T14:05:17","guid":{"rendered":"https:\/\/linitiative.ca\/International\/energie-nouvelle-baisse-de-15-des-prix-des-carburants\/"},"modified":"2020-05-07T10:05:17","modified_gmt":"2020-05-07T14:05:17","slug":"energie-nouvelle-baisse-de-15-des-prix-des-carburants","status":"publish","type":"post","link":"https:\/\/linitiative.ca\/International\/energie-nouvelle-baisse-de-15-des-prix-des-carburants\/","title":{"rendered":"Energie : Nouvelle baisse de 1,5% des prix des carburants"},"content":{"rendered":"<p>Le minist\u00e8re de l\u2019\u00e9nergie, des mines et de la transition \u00e9nerg\u00e9tique, a annonc\u00e9 dans un communiqu\u00e9 publi\u00e9, jeudi, la r\u00e9vision \u00e0 la baisse des prix de vente du carburant de 1,5%<\/p>\n<p>Un ajustement des prix des carburants sera annonc\u00e9, jeudi, par le minist\u00e8re de l\u2019\u00e9nergie, des mines et de la transition \u00e9nerg\u00e9tique, a-t-on appris aupr\u00e8s du cabinet du ministre.<\/p>\n<p>Cet ajustement intervient apr\u00e8s la parution de l\u2019arr\u00eat\u00e9 des ministres de l\u2019Energie, des Mines et de la Transition \u00e9nerg\u00e9tique et des Finances du 31 mars 2020, dans lequel, il a \u00e9t\u00e9 d\u00e9cid\u00e9 d\u2019introduire un ajustement des prix des carburants chaque mois..<\/p>\n<p>La m\u00eame source a indiqu\u00e9 que l\u2019ajustement ne concernera pas le prix du gaz de p\u00e9trole liqu\u00e9fi\u00e9 (GPL), lequel est toujours subventionn\u00e9 avec un taux \u00e9lev\u00e9 d\u00e9passant 60%.<\/p>\n<p>L\u2019article 5 de l\u2019arr\u00eat\u00e9 stipule que les prix de l\u2019essence sans plomb, du gas-oil ordinaire et du gas-oil sans soufre sont fix\u00e9s par la commission technique charg\u00e9e de la fixation et du suivi des prix de vente des produits p\u00e9troliers finis import\u00e9s et ceux raffin\u00e9s localement, conform\u00e9ment aux r\u00e8gles relatives au m\u00e9canisme d\u2019ajustement automatique mensuel.<\/p>\n<p>Les prix sont, ainsi, fix\u00e9s apr\u00e8s observation des moyennes des prix d\u2019importation en dinar tunisien de chacun de ces produits durant une p\u00e9riode d\u2019un mois qui prend fin avant le premier jour du mois concern\u00e9 par l\u2019ajustement.<\/p>\n<p>\u00ab La valeur de l\u2019ajustement mensuel du prix de vente au public ne peut exc\u00e9der le taux 1,5% du prix de vente en vigueur depuis le dernier ajustement, et ce \u00e0 la hausse ou \u00e0 la baisse \u00ab , selon le m\u00eame arr\u00eat\u00e9.<\/p>\n<p>A rappeler que le minist\u00e8re de l\u2019\u00e9nergie, des Mines et de la Transition \u00e9nerg\u00e9tique avait annonc\u00e9, le 6 avril 2020, la r\u00e9vision \u00e0 la baisse des prix de vente des carburants et que cette mesure est d\u00e9j\u00e0 entr\u00e9e en vigueur depuis le 7 avril 2020 \u00e0 minuit.<\/p>\n<p>Ci-apr\u00e8s les prix des carburants avant l\u2019ajustement pr\u00e9vu demain :<\/p>\n<p>Essence sans plomb : 2 035 millimes<\/p>\n<p>Gasoil sans souffre : 1 800 millimes<\/p>\n<p>Gasoil normal : 1 550 millimes.<\/p>\n<div class=\"wp-post-author-wrap wp-post-author-shortcode left\">\n<h3 class=\"awpa-title\"\/>\n<div class=\"wp-post-author\">\n<div class=\"awpa-img awpa-author-block square\"><a href=\"http:\/\/lexpertjournal.net\/fr\/?author=5\"><img loading=\"lazy\" decoding=\"async\" alt=\"\" src=\"http:\/\/0.gravatar.com\/avatar\/97f8e10a1c1125ba104a76514ee07b16?s=150&amp;d=mm&amp;r=g\" srcset=\"http:\/\/0.gravatar.com\/avatar\/97f8e10a1c1125ba104a76514ee07b16?s=300&amp;d=mm&amp;r=g 2x\" class=\"avatar avatar-150 photo\" height=\"150\" width=\"150\"\/><\/a><\/div>\n<\/div>\n<\/div>\n<aside class=\"mashsb-container mashsb-main mashsb-stretched\">\n<\/aside>\n<p>Auteur: L&rsquo;expert<br \/>\n<a href=\"http:\/\/lexpertjournal.net\/fr\/?p=14588\">Cliquez ici pour lire l&rsquo;article depuis sa source.<\/a><\/p>\n","protected":false},"excerpt":{"rendered":"<p>Le minist\u00e8re de l\u2019\u00e9nergie, des mines et de la transition \u00e9nerg\u00e9tique, a annonc\u00e9 dans un communiqu\u00e9 publi\u00e9, jeudi, la r\u00e9vision \u00e0 la baisse des prix de vente du carburant de 1,5% Un ajustement des prix des carburants sera annonc\u00e9, jeudi, par le minist\u00e8re de l\u2019\u00e9nergie, des mines et de la transition \u00e9nerg\u00e9tique, a-t-on appris aupr\u00e8s [&hellip;]<\/p>\n","protected":false},"author":1775,"featured_media":0,"comment_status":"closed","ping_status":"closed","sticky":false,"template":"","format":"standard","meta":{"fifu_image_url":"","fifu_image_alt":"","footnotes":""},"categories":[78,55],"tags":[],"class_list":["post-84619","post","type-post","status-publish","format-standard","hentry","category-economie","category-tunisie"],"_links":{"self":[{"href":"https:\/\/linitiative.ca\/International\/wp-json\/wp\/v2\/posts\/84619","targetHints":{"allow":["GET"]}}],"collection":[{"href":"https:\/\/linitiative.ca\/International\/wp-json\/wp\/v2\/posts"}],"about":[{"href":"https:\/\/linitiative.ca\/International\/wp-json\/wp\/v2\/types\/post"}],"author":[{"embeddable":true,"href":"https:\/\/linitiative.ca\/International\/wp-json\/wp\/v2\/users\/1775"}],"replies":[{"embeddable":true,"href":"https:\/\/linitiative.ca\/International\/wp-json\/wp\/v2\/comments?post=84619"}],"version-history":[{"count":0,"href":"https:\/\/linitiative.ca\/International\/wp-json\/wp\/v2\/posts\/84619\/revisions"}],"wp:attachment":[{"href":"https:\/\/linitiative.ca\/International\/wp-json\/wp\/v2\/media?parent=84619"}],"wp:term":[{"taxonomy":"category","embeddable":true,"href":"https:\/\/linitiative.ca\/International\/wp-json\/wp\/v2\/categories?post=84619"},{"taxonomy":"post_tag","embeddable":true,"href":"https:\/\/linitiative.ca\/International\/wp-json\/wp\/v2\/tags?post=84619"}],"curies":[{"name":"wp","href":"https:\/\/api.w.org\/{rel}","templated":true}]}}