{"id":84620,"date":"2020-05-07T10:07:47","date_gmt":"2020-05-07T14:07:47","guid":{"rendered":"https:\/\/linitiative.ca\/International\/relance-de-leconomie-les-800-societes-italiennes-attendent-des-procedures-transparentes\/"},"modified":"2020-05-07T10:07:47","modified_gmt":"2020-05-07T14:07:47","slug":"relance-de-leconomie-les-800-societes-italiennes-attendent-des-procedures-transparentes","status":"publish","type":"post","link":"https:\/\/linitiative.ca\/International\/relance-de-leconomie-les-800-societes-italiennes-attendent-des-procedures-transparentes\/","title":{"rendered":"Relance de l\u2019\u00e9conomie : Les 800 soci\u00e9t\u00e9s italiennes attendent des proc\u00e9dures transparentes"},"content":{"rendered":"<p>Face la crise sanitaire actuelle, les soci\u00e9t\u00e9s italiennes attendent des institutions tunisiennes l\u2019application du principe de l\u00e9galit\u00e9, des proc\u00e9dures administratives transparentes et davantage de facilit\u00e9 d\u2019acc\u00e8s au cr\u00e9dit, a d\u00e9clar\u00e9 l\u2019ambassadeur d\u2019Italie en Tunisie, Lorenzo Fanara<\/p>\n<p>Selon un communiqu\u00e9 publi\u00e9, par l\u2019Ambassade d\u2019Italie, \u00e0 l\u2019issue d\u2019une vid\u00e9oconf\u00e9rence avec le ministre de l\u2019Industrie et des PME, Salah Ben Youssef tenue, r\u00e9cemment, le diplomate a soulign\u00e9 que les 800 soci\u00e9t\u00e9s italiennes \u00e9tablies en Tunisie sont engag\u00e9es dans la relance \u00ab rapide \u00bb et \u00ab efficace \u00bb de l\u2019\u00e9conomie, et ce, dans le plein respect des mesures sanitaires.<\/p>\n<p>Lors cette vid\u00e9oconf\u00e9rence consacr\u00e9e \u00e0 la situation des activit\u00e9s productives durant le premier jour du d\u00e9confinement partiel, le ministre de l\u2019Industrie et de PME a fait part de sa pleine disponibilit\u00e9 \u00e0 pr\u00e9server les int\u00e9r\u00eats des op\u00e9rateurs \u00e9conomiques italiens.<\/p>\n<p>Il a, d\u2019autre part, r\u00e9affirm\u00e9 son engagement afin de garantir la transparence des proc\u00e9dures durant cette nouvelle phase.<\/p>\n<div class=\"wp-post-author-wrap wp-post-author-shortcode left\">\n<h3 class=\"awpa-title\"\/>\n<div class=\"wp-post-author\">\n<div class=\"awpa-img awpa-author-block square\"><a href=\"http:\/\/lexpertjournal.net\/fr\/?author=5\"><img loading=\"lazy\" decoding=\"async\" alt=\"\" src=\"http:\/\/0.gravatar.com\/avatar\/97f8e10a1c1125ba104a76514ee07b16?s=150&amp;d=mm&amp;r=g\" srcset=\"http:\/\/0.gravatar.com\/avatar\/97f8e10a1c1125ba104a76514ee07b16?s=300&amp;d=mm&amp;r=g 2x\" class=\"avatar avatar-150 photo\" height=\"150\" width=\"150\"\/><\/a><\/div>\n<\/div>\n<\/div>\n<aside class=\"mashsb-container mashsb-main mashsb-stretched\">\n<\/aside>\n<p>Auteur: L&rsquo;expert<br \/>\n<a href=\"http:\/\/lexpertjournal.net\/fr\/?p=14591\">Cliquez ici pour lire l&rsquo;article depuis sa source.<\/a><\/p>\n","protected":false},"excerpt":{"rendered":"<p>Face la crise sanitaire actuelle, les soci\u00e9t\u00e9s italiennes attendent des institutions tunisiennes l\u2019application du principe de l\u00e9galit\u00e9, des proc\u00e9dures administratives transparentes et davantage de facilit\u00e9 d\u2019acc\u00e8s au cr\u00e9dit, a d\u00e9clar\u00e9 l\u2019ambassadeur d\u2019Italie en Tunisie, Lorenzo Fanara Selon un communiqu\u00e9 publi\u00e9, par l\u2019Ambassade d\u2019Italie, \u00e0 l\u2019issue d\u2019une vid\u00e9oconf\u00e9rence avec le ministre de l\u2019Industrie et des PME, [&hellip;]<\/p>\n","protected":false},"author":1775,"featured_media":0,"comment_status":"closed","ping_status":"closed","sticky":false,"template":"","format":"standard","meta":{"fifu_image_url":"","fifu_image_alt":"","footnotes":""},"categories":[78,55],"tags":[],"class_list":["post-84620","post","type-post","status-publish","format-standard","hentry","category-economie","category-tunisie"],"_links":{"self":[{"href":"https:\/\/linitiative.ca\/International\/wp-json\/wp\/v2\/posts\/84620","targetHints":{"allow":["GET"]}}],"collection":[{"href":"https:\/\/linitiative.ca\/International\/wp-json\/wp\/v2\/posts"}],"about":[{"href":"https:\/\/linitiative.ca\/International\/wp-json\/wp\/v2\/types\/post"}],"author":[{"embeddable":true,"href":"https:\/\/linitiative.ca\/International\/wp-json\/wp\/v2\/users\/1775"}],"replies":[{"embeddable":true,"href":"https:\/\/linitiative.ca\/International\/wp-json\/wp\/v2\/comments?post=84620"}],"version-history":[{"count":0,"href":"https:\/\/linitiative.ca\/International\/wp-json\/wp\/v2\/posts\/84620\/revisions"}],"wp:attachment":[{"href":"https:\/\/linitiative.ca\/International\/wp-json\/wp\/v2\/media?parent=84620"}],"wp:term":[{"taxonomy":"category","embeddable":true,"href":"https:\/\/linitiative.ca\/International\/wp-json\/wp\/v2\/categories?post=84620"},{"taxonomy":"post_tag","embeddable":true,"href":"https:\/\/linitiative.ca\/International\/wp-json\/wp\/v2\/tags?post=84620"}],"curies":[{"name":"wp","href":"https:\/\/api.w.org\/{rel}","templated":true}]}}