{"id":84621,"date":"2020-05-07T10:09:44","date_gmt":"2020-05-07T14:09:44","guid":{"rendered":"https:\/\/linitiative.ca\/International\/gestion-des-fonds-pour-la-lutte-contre-le-covid-19-qalb-tounes-appelle-a-davantage-de-transparence\/"},"modified":"2020-05-07T10:09:44","modified_gmt":"2020-05-07T14:09:44","slug":"gestion-des-fonds-pour-la-lutte-contre-le-covid-19-qalb-tounes-appelle-a-davantage-de-transparence","status":"publish","type":"post","link":"https:\/\/linitiative.ca\/International\/gestion-des-fonds-pour-la-lutte-contre-le-covid-19-qalb-tounes-appelle-a-davantage-de-transparence\/","title":{"rendered":"Gestion des fonds pour la lutte contre le Covid-19 : Qalb Toun\u00e8s appelle \u00e0 davantage de transparence"},"content":{"rendered":"<p>Qalb Toun\u00e8s a appel\u00e9 gouvernement et parties concern\u00e9es \u00e0 davantage de transparence dans la gestion des deniers publics, dons, pr\u00e9l\u00e8vements sur salaire et autres ressources mobilis\u00e9es dans le cadre de la lutte contre le covid-19.<\/p>\n<p>Dans une d\u00e9claration publi\u00e9e mercredi, \u00e0 l\u2019issue de la r\u00e9union p\u00e9riodique de son bureau politique, Qalb Toun\u00e8s juge n\u00e9cessaire d\u2019effectuer un audit d\u00e9taill\u00e9 et exhaustif de tous les dons et aides obtenus en dehors du fonds 1818 et d\u2019\u00e9clairer la lanterne de<\/p>\n<p>l\u2019opinion publique sur les domaines financ\u00e9s par toutes ces contributions.<\/p>\n<p>Pour le parti, la crise \u00e9conomique que connait le pays n\u2019en demeure pas moins critique que la situation sanitaire. Qalb Toun\u00e8s a mis l\u2019accent, \u00e0 ce propose, sur le besoin d\u2019un plan de salut \u00e9conomique et d\u2019inventorier les montants des cr\u00e9dits, dons et autres sources de financement obtenus.<\/p>\n<p>Avec une partie de ces montants, collect\u00e9s dans le cadre de la lutte contre le Covid-19, l\u2019Etat peut aider les entreprises priv\u00e9es menac\u00e9es de faillite qui emploient plus de deux millions de personnes, a propos\u00e9 Qalb Toun\u00e8s dans sa d\u00e9claration.<\/p>\n<p>Sur un autre plan, le parti a d\u00e9nonc\u00e9 le \u00ab tourisme parlementaire \u00bb qui constitue, selon lui, un reniement de la volont\u00e9 des \u00e9lecteurs et du peuple ainsi qu\u2019une d\u00e9naturation du processus d\u00e9mocratique.<\/p>\n<p>Qalb Toun\u00e8s affirme, dans sa d\u00e9claration, qu\u2019il prendra une position ferme contre ce ph\u00e9nom\u00e8ne lors de la discussion du r\u00e8glement int\u00e9rieur de l\u2019Assembl\u00e9e des Repr\u00e9sentants du Peuple (ARP).<\/p>\n<div class=\"wp-post-author-wrap wp-post-author-shortcode left\">\n<h3 class=\"awpa-title\"\/>\n<div class=\"wp-post-author\">\n<div class=\"awpa-img awpa-author-block square\"><a href=\"http:\/\/lexpertjournal.net\/fr\/?author=5\"><img loading=\"lazy\" decoding=\"async\" alt=\"\" src=\"http:\/\/0.gravatar.com\/avatar\/97f8e10a1c1125ba104a76514ee07b16?s=150&amp;d=mm&amp;r=g\" srcset=\"http:\/\/0.gravatar.com\/avatar\/97f8e10a1c1125ba104a76514ee07b16?s=300&amp;d=mm&amp;r=g 2x\" class=\"avatar avatar-150 photo\" height=\"150\" width=\"150\"\/><\/a><\/div>\n<\/div>\n<\/div>\n<aside class=\"mashsb-container mashsb-main mashsb-stretched\">\n<\/aside>\n<p>Auteur: L&rsquo;expert<br \/>\n<a href=\"http:\/\/lexpertjournal.net\/fr\/?p=14594\">Cliquez ici pour lire l&rsquo;article depuis sa source.<\/a><\/p>\n","protected":false},"excerpt":{"rendered":"<p>Qalb Toun\u00e8s a appel\u00e9 gouvernement et parties concern\u00e9es \u00e0 davantage de transparence dans la gestion des deniers publics, dons, pr\u00e9l\u00e8vements sur salaire et autres ressources mobilis\u00e9es dans le cadre de la lutte contre le covid-19. Dans une d\u00e9claration publi\u00e9e mercredi, \u00e0 l\u2019issue de la r\u00e9union p\u00e9riodique de son bureau politique, Qalb Toun\u00e8s juge n\u00e9cessaire d\u2019effectuer [&hellip;]<\/p>\n","protected":false},"author":1775,"featured_media":0,"comment_status":"closed","ping_status":"closed","sticky":false,"template":"","format":"standard","meta":{"fifu_image_url":"","fifu_image_alt":"","footnotes":""},"categories":[78,55],"tags":[],"class_list":["post-84621","post","type-post","status-publish","format-standard","hentry","category-economie","category-tunisie"],"_links":{"self":[{"href":"https:\/\/linitiative.ca\/International\/wp-json\/wp\/v2\/posts\/84621","targetHints":{"allow":["GET"]}}],"collection":[{"href":"https:\/\/linitiative.ca\/International\/wp-json\/wp\/v2\/posts"}],"about":[{"href":"https:\/\/linitiative.ca\/International\/wp-json\/wp\/v2\/types\/post"}],"author":[{"embeddable":true,"href":"https:\/\/linitiative.ca\/International\/wp-json\/wp\/v2\/users\/1775"}],"replies":[{"embeddable":true,"href":"https:\/\/linitiative.ca\/International\/wp-json\/wp\/v2\/comments?post=84621"}],"version-history":[{"count":0,"href":"https:\/\/linitiative.ca\/International\/wp-json\/wp\/v2\/posts\/84621\/revisions"}],"wp:attachment":[{"href":"https:\/\/linitiative.ca\/International\/wp-json\/wp\/v2\/media?parent=84621"}],"wp:term":[{"taxonomy":"category","embeddable":true,"href":"https:\/\/linitiative.ca\/International\/wp-json\/wp\/v2\/categories?post=84621"},{"taxonomy":"post_tag","embeddable":true,"href":"https:\/\/linitiative.ca\/International\/wp-json\/wp\/v2\/tags?post=84621"}],"curies":[{"name":"wp","href":"https:\/\/api.w.org\/{rel}","templated":true}]}}