{"id":84622,"date":"2020-05-07T10:11:50","date_gmt":"2020-05-07T14:11:50","guid":{"rendered":"https:\/\/linitiative.ca\/International\/medstrts-reseau-transnational-des-acteurs-de-la-microfinance-a-travers-la-mediterranee-en-gestation\/"},"modified":"2020-05-07T10:11:50","modified_gmt":"2020-05-07T14:11:50","slug":"medstrts-reseau-transnational-des-acteurs-de-la-microfinance-a-travers-la-mediterranee-en-gestation","status":"publish","type":"post","link":"https:\/\/linitiative.ca\/International\/medstrts-reseau-transnational-des-acteurs-de-la-microfinance-a-travers-la-mediterranee-en-gestation\/","title":{"rendered":"MEDSt@rts :  R\u00e9seau transnational des acteurs de la microfinance \u00e0 travers la M\u00e9diterran\u00e9e en gestation"},"content":{"rendered":"<p>Un cycle de r\u00e9unions en ligne a \u00e9t\u00e9 lanc\u00e9 dans les cinq pays b\u00e9n\u00e9ficiaires du projet MEDSt@rts (syst\u00e8me Med de soutien \u00e0 la microfinance pour les startups), \u00e0 savoir l\u2019Italie, la Gr\u00e8ce, la Tunisie, le Liban et la Palestine et ce dans l\u2019objectif de cr\u00e9er un r\u00e9seau transnational des acteurs de la microfinance \u00e0 travers la M\u00e9diterran\u00e9e.<\/p>\n<p>Rappelons que le projet MEDSt@rts, lanc\u00e9 d\u00e9but 2020 en Italie, vise \u00e0 promouvoir l\u2019acc\u00e8s au cr\u00e9dit des personnes habituellement \u00ab non finan\u00e7ables \u00bb et \u00e0 soutenir la cr\u00e9ation de nouvelles perspectives \u00e9conomiques et professionnelles \u00e0 m\u00eame de contribuer \u00e0 l\u2019inclusion sociale et \u00e0 la lutte contre le ch\u00f4mage des personnes \u00e9conomiquement fragiles (jeunes et ch\u00f4meurs) dans les 5 pays b\u00e9n\u00e9ficiaires. Dot\u00e9 d\u2019un budget de 2,8 millions d\u2019euros, dont 2,5 millions d\u2019euros de contribution de l\u2019UE au titre du programme IEV CTF Med, ce projet a pour objectif la cr\u00e9ation d\u2019un programme transnational commun en tant que syst\u00e8me alternatif d\u2019acc\u00e8s au cr\u00e9dit inspir\u00e9 par la finance \u00e9thique et les principes de solidarit\u00e9. Il associe des institutions publiques et priv\u00e9es : un syst\u00e8me de financement impartial, simple et efficace qui permet \u00e9galement \u00e0 des personnes traditionnellement<\/p>\n<p>reconnues comme \u00bb non finan\u00e7ables \u00bb d\u2019acc\u00e9der \u00e0 des formes de microfinance pour le lancement et le d\u00e9veloppement d\u2019actions entrepreneuriales dans des secteurs tels que la num\u00e9risation, le tourisme durable, l\u2019agroalimentaire, l\u2019\u00e9coconception et l\u2019artisanat.<\/p>\n<p>L\u2019objectif de ces r\u00e9unions est de mieux cerner le r\u00f4le que jouera chaque acteur dans le cadre de ce r\u00e9seau transnational. Une fois activ\u00e9, le r\u00e9seau aura pour objectifs de maintenir un dialogue permanent et constructif sur les questions de micro-financement ; de fournir une expertise et des conseils sur d\u2019autres projets de promotion et de financement de projets et de favoriser la coop\u00e9ration et l\u2019apprentissage mutuels.<\/p>\n<div class=\"wp-post-author-wrap wp-post-author-shortcode left\">\n<h3 class=\"awpa-title\"\/>\n<div class=\"wp-post-author\">\n<div class=\"awpa-img awpa-author-block square\"><a href=\"http:\/\/lexpertjournal.net\/fr\/?author=5\"><img loading=\"lazy\" decoding=\"async\" alt=\"\" src=\"http:\/\/0.gravatar.com\/avatar\/97f8e10a1c1125ba104a76514ee07b16?s=150&amp;d=mm&amp;r=g\" srcset=\"http:\/\/0.gravatar.com\/avatar\/97f8e10a1c1125ba104a76514ee07b16?s=300&amp;d=mm&amp;r=g 2x\" class=\"avatar avatar-150 photo\" height=\"150\" width=\"150\"\/><\/a><\/div>\n<\/div>\n<\/div>\n<aside class=\"mashsb-container mashsb-main mashsb-stretched\">\n<\/aside>\n<p>Auteur: L&rsquo;expert<br \/>\n<a href=\"http:\/\/lexpertjournal.net\/fr\/?p=14597\">Cliquez ici pour lire l&rsquo;article depuis sa source.<\/a><\/p>\n","protected":false},"excerpt":{"rendered":"<p>Un cycle de r\u00e9unions en ligne a \u00e9t\u00e9 lanc\u00e9 dans les cinq pays b\u00e9n\u00e9ficiaires du projet MEDSt@rts (syst\u00e8me Med de soutien \u00e0 la microfinance pour les startups), \u00e0 savoir l\u2019Italie, la Gr\u00e8ce, la Tunisie, le Liban et la Palestine et ce dans l\u2019objectif de cr\u00e9er un r\u00e9seau transnational des acteurs de la microfinance \u00e0 travers [&hellip;]<\/p>\n","protected":false},"author":1775,"featured_media":0,"comment_status":"closed","ping_status":"closed","sticky":false,"template":"","format":"standard","meta":{"fifu_image_url":"","fifu_image_alt":"","footnotes":""},"categories":[78,55],"tags":[],"class_list":["post-84622","post","type-post","status-publish","format-standard","hentry","category-economie","category-tunisie"],"_links":{"self":[{"href":"https:\/\/linitiative.ca\/International\/wp-json\/wp\/v2\/posts\/84622","targetHints":{"allow":["GET"]}}],"collection":[{"href":"https:\/\/linitiative.ca\/International\/wp-json\/wp\/v2\/posts"}],"about":[{"href":"https:\/\/linitiative.ca\/International\/wp-json\/wp\/v2\/types\/post"}],"author":[{"embeddable":true,"href":"https:\/\/linitiative.ca\/International\/wp-json\/wp\/v2\/users\/1775"}],"replies":[{"embeddable":true,"href":"https:\/\/linitiative.ca\/International\/wp-json\/wp\/v2\/comments?post=84622"}],"version-history":[{"count":0,"href":"https:\/\/linitiative.ca\/International\/wp-json\/wp\/v2\/posts\/84622\/revisions"}],"wp:attachment":[{"href":"https:\/\/linitiative.ca\/International\/wp-json\/wp\/v2\/media?parent=84622"}],"wp:term":[{"taxonomy":"category","embeddable":true,"href":"https:\/\/linitiative.ca\/International\/wp-json\/wp\/v2\/categories?post=84622"},{"taxonomy":"post_tag","embeddable":true,"href":"https:\/\/linitiative.ca\/International\/wp-json\/wp\/v2\/tags?post=84622"}],"curies":[{"name":"wp","href":"https:\/\/api.w.org\/{rel}","templated":true}]}}