{"id":84623,"date":"2020-05-07T10:14:25","date_gmt":"2020-05-07T14:14:25","guid":{"rendered":"https:\/\/linitiative.ca\/International\/solutions-informatiques-smart-tunisie-signe-un-accord-de-distribution-avec-fortinet\/"},"modified":"2020-05-07T10:14:25","modified_gmt":"2020-05-07T14:14:25","slug":"solutions-informatiques-smart-tunisie-signe-un-accord-de-distribution-avec-fortinet","status":"publish","type":"post","link":"https:\/\/linitiative.ca\/International\/solutions-informatiques-smart-tunisie-signe-un-accord-de-distribution-avec-fortinet\/","title":{"rendered":"Solutions informatiques : Smart Tunisie signe un accord de distribution avec Fortinet"},"content":{"rendered":"<p>Smart Tunisie, leader de la distribution de produits et solutions IT (technologie de l\u2019information) en Tunisie, vient de signer un accord de distribution sur le territoire tunisien avec Fortinet, un des leaders mondiaux de solutions de cyber s\u00e9curit\u00e9 globales.<\/p>\n<p>Selon un communiqu\u00e9 de Smart Tunisie, cet accord vient compl\u00e9ter son portefeuille avec une large gamme de solutions consolidant ainsi parfaitement sa strat\u00e9gie de One-Stop-Shop (une technique de vente qui consiste \u00e0 offrir au consommateur la possibilit\u00e9 de r\u00e9aliser la majorit\u00e9 de ses achats, m\u00eame de nature diff\u00e9rente, en un m\u00eame endroit). Ce partenariat permettra, par ailleurs, \u00e0 Fortinet de renforcer sa pr\u00e9sence en Tunisie, en s\u2019appuyant sur Smart Tunisie, connu pour son large r\u00e9seau de partenaires et son exp\u00e9rience de plus de 20 ans dans le secteur IT. \u00bb Cet accord est une grande fiert\u00e9 pour notre entreprise, qui est toujours apte \u00e0 proposer des solutions informatiques compl\u00e8tes et \u00e0 la pointe de la technologie. Gr\u00e2ce \u00e0 ce partenariat, nous pourrons non seulement r\u00e9pondre d\u2019une mani\u00e8re plus efficace aux besoins des revendeurs avec des offres globales mais aussi les aider \u00e0 accompagner leurs clients dans leur transformation digitale, \u00bb a indiqu\u00e9 Abdelwaheb Essafi, PDG de Smart Tunisie. Cr\u00e9\u00e9e en 1997, Smart Tunisie compte un r\u00e9seau de plus de 2300 revendeurs qui sont servis \u00e0 partir du si\u00e8ge \u00e0 Tunis ainsi que les deux agences de Sfax et Sousse. Le distributeur repr\u00e9sente en Tunisie plus de 20 marques parmi les constructeurs et \u00e9diteurs les plus importants du monde de l\u2019IT.<\/p>\n<div class=\"wp-post-author-wrap wp-post-author-shortcode left\">\n<h3 class=\"awpa-title\"\/>\n<div class=\"wp-post-author\">\n<div class=\"awpa-img awpa-author-block square\"><a href=\"http:\/\/lexpertjournal.net\/fr\/?author=5\"><img loading=\"lazy\" decoding=\"async\" alt=\"\" src=\"http:\/\/0.gravatar.com\/avatar\/97f8e10a1c1125ba104a76514ee07b16?s=150&amp;d=mm&amp;r=g\" srcset=\"http:\/\/0.gravatar.com\/avatar\/97f8e10a1c1125ba104a76514ee07b16?s=300&amp;d=mm&amp;r=g 2x\" class=\"avatar avatar-150 photo\" height=\"150\" width=\"150\"\/><\/a><\/div>\n<\/div>\n<\/div>\n<aside class=\"mashsb-container mashsb-main mashsb-stretched\">\n<\/aside>\n<p>Auteur: L&rsquo;expert<br \/>\n<a href=\"http:\/\/lexpertjournal.net\/fr\/?p=14600\">Cliquez ici pour lire l&rsquo;article depuis sa source.<\/a><\/p>\n","protected":false},"excerpt":{"rendered":"<p>Smart Tunisie, leader de la distribution de produits et solutions IT (technologie de l\u2019information) en Tunisie, vient de signer un accord de distribution sur le territoire tunisien avec Fortinet, un des leaders mondiaux de solutions de cyber s\u00e9curit\u00e9 globales. Selon un communiqu\u00e9 de Smart Tunisie, cet accord vient compl\u00e9ter son portefeuille avec une large gamme [&hellip;]<\/p>\n","protected":false},"author":1775,"featured_media":0,"comment_status":"closed","ping_status":"closed","sticky":false,"template":"","format":"standard","meta":{"fifu_image_url":"","fifu_image_alt":"","footnotes":""},"categories":[78,55],"tags":[],"class_list":["post-84623","post","type-post","status-publish","format-standard","hentry","category-economie","category-tunisie"],"_links":{"self":[{"href":"https:\/\/linitiative.ca\/International\/wp-json\/wp\/v2\/posts\/84623","targetHints":{"allow":["GET"]}}],"collection":[{"href":"https:\/\/linitiative.ca\/International\/wp-json\/wp\/v2\/posts"}],"about":[{"href":"https:\/\/linitiative.ca\/International\/wp-json\/wp\/v2\/types\/post"}],"author":[{"embeddable":true,"href":"https:\/\/linitiative.ca\/International\/wp-json\/wp\/v2\/users\/1775"}],"replies":[{"embeddable":true,"href":"https:\/\/linitiative.ca\/International\/wp-json\/wp\/v2\/comments?post=84623"}],"version-history":[{"count":0,"href":"https:\/\/linitiative.ca\/International\/wp-json\/wp\/v2\/posts\/84623\/revisions"}],"wp:attachment":[{"href":"https:\/\/linitiative.ca\/International\/wp-json\/wp\/v2\/media?parent=84623"}],"wp:term":[{"taxonomy":"category","embeddable":true,"href":"https:\/\/linitiative.ca\/International\/wp-json\/wp\/v2\/categories?post=84623"},{"taxonomy":"post_tag","embeddable":true,"href":"https:\/\/linitiative.ca\/International\/wp-json\/wp\/v2\/tags?post=84623"}],"curies":[{"name":"wp","href":"https:\/\/api.w.org\/{rel}","templated":true}]}}