{"id":84631,"date":"2020-05-07T10:54:58","date_gmt":"2020-05-07T14:54:58","guid":{"rendered":"https:\/\/linitiative.ca\/International\/covid-19-52-nouvelles-remissions-33-nouveaux-cas-confirmes-drs\/"},"modified":"2020-05-07T10:54:58","modified_gmt":"2020-05-07T14:54:58","slug":"covid-19-52-nouvelles-remissions-33-nouveaux-cas-confirmes-drs","status":"publish","type":"post","link":"https:\/\/linitiative.ca\/International\/covid-19-52-nouvelles-remissions-33-nouveaux-cas-confirmes-drs\/","title":{"rendered":"Covid-19: 52 nouvelles r\u00e9missions, 33 nouveaux cas confirm\u00e9s (DRS)"},"content":{"rendered":"<div class=\"single-featured\"><img alt=\"\" data-src=\"http:\/\/www.mapmarrakech.ma\/map\/uploads\/2020\/05\/bilan-Marrakech-safi-10-h-copier.jpg\"\/><\/div>\n<div class=\"single-post-excerpt post-excerpt-bc\" readability=\"35\">\n<p>Marrakech \u2013 Un total de 52 nouvelles r\u00e9missions du Covid-19 ont \u00e9t\u00e9 enregistr\u00e9es au niveau de la r\u00e9gion Marrakech-Safi, portant \u00e0 690 le nombre des personnes d\u00e9clar\u00e9es totalement gu\u00e9ries dans la r\u00e9gion jusqu\u2019\u00e0 jeudi \u00e0 10H00.<\/p>\n<\/div>\n<div class=\"entry-content clearfix single-post-content\" readability=\"58\">\n<p>Quelque 45 patients ont \u00e9t\u00e9 d\u00e9clar\u00e9s d\u00e9finitivement r\u00e9tablis au niveau de la pr\u00e9fecture de Marrakech et 7 dans la province de Rehamna, fait ressortir un nouveau bilan \u00e9tabli par la Direction R\u00e9gionale de la Sant\u00e9 (DRS), pr\u00e9cisant que le taux de gu\u00e9rison des cas enregistr\u00e9s depuis le d\u00e9clenchement de la pand\u00e9mie s\u2019\u00e9tablit \u00e0 61%.<\/p>\n<p>La m\u00eame source rel\u00e8ve que 33 nouveaux cas confirm\u00e9s ont \u00e9t\u00e9 d\u00e9tect\u00e9s, portant \u00e0 1.136 le nombre total des infections signal\u00e9es dans la r\u00e9gion depuis le d\u00e9clenchement de la pand\u00e9mie, dont 396 patients qui sont encore sous traitement.<\/p>\n<p>Ces cas sous traitement dans les h\u00f4pitaux de la r\u00e9gion sont r\u00e9partis entre la pr\u00e9fecture de Marrakech (331) et les provinces de Rehamna (39), d\u2019Al Haouz (15), de Chichaoua (6) et d\u2019El Kel\u00e2a des Sraghna (5, transf\u00e9r\u00e9s de Rehamna), pr\u00e9cise la DRS, notant que le nombre des d\u00e9c\u00e8s enregistr\u00e9s s\u2019\u00e9l\u00e8ve \u00e0 50.<\/p>\n<p>Au niveau national, 107 nouveaux cas gu\u00e9ris du Covid-19 ont \u00e9t\u00e9 enregistr\u00e9s jusqu\u2019\u00e0 jeudi \u00e0 10H00, portant \u00e0 2.124 le nombre total des gu\u00e9risons dans le Royaume.<\/p>\n<\/div>\n<p>Auteur: Meriem IGASS<br \/>\n<a href=\"http:\/\/www.mapmarrakech.ma\/fr\/covid-19-52-nouvelles-remissions-33-nouveaux-cas-confirmes-drs\/\">Cliquez ici pour lire l&rsquo;article depuis sa source.<\/a><\/p>\n","protected":false},"excerpt":{"rendered":"<p>Marrakech \u2013 Un total de 52 nouvelles r\u00e9missions du Covid-19 ont \u00e9t\u00e9 enregistr\u00e9es au niveau de la r\u00e9gion Marrakech-Safi, portant \u00e0 690 le nombre des personnes d\u00e9clar\u00e9es totalement gu\u00e9ries dans la r\u00e9gion jusqu\u2019\u00e0 jeudi \u00e0 10H00. Quelque 45 patients ont \u00e9t\u00e9 d\u00e9clar\u00e9s d\u00e9finitivement r\u00e9tablis au niveau de la pr\u00e9fecture de Marrakech et 7 dans la [&hellip;]<\/p>\n","protected":false},"author":1788,"featured_media":84632,"comment_status":"closed","ping_status":"closed","sticky":false,"template":"","format":"standard","meta":{"fifu_image_url":"","fifu_image_alt":"","footnotes":""},"categories":[54,76],"tags":[],"class_list":["post-84631","post","type-post","status-publish","format-standard","has-post-thumbnail","hentry","category-maroc","category-regions"],"_links":{"self":[{"href":"https:\/\/linitiative.ca\/International\/wp-json\/wp\/v2\/posts\/84631","targetHints":{"allow":["GET"]}}],"collection":[{"href":"https:\/\/linitiative.ca\/International\/wp-json\/wp\/v2\/posts"}],"about":[{"href":"https:\/\/linitiative.ca\/International\/wp-json\/wp\/v2\/types\/post"}],"author":[{"embeddable":true,"href":"https:\/\/linitiative.ca\/International\/wp-json\/wp\/v2\/users\/1788"}],"replies":[{"embeddable":true,"href":"https:\/\/linitiative.ca\/International\/wp-json\/wp\/v2\/comments?post=84631"}],"version-history":[{"count":0,"href":"https:\/\/linitiative.ca\/International\/wp-json\/wp\/v2\/posts\/84631\/revisions"}],"wp:featuredmedia":[{"embeddable":true,"href":"https:\/\/linitiative.ca\/International\/wp-json\/"}],"wp:attachment":[{"href":"https:\/\/linitiative.ca\/International\/wp-json\/wp\/v2\/media?parent=84631"}],"wp:term":[{"taxonomy":"category","embeddable":true,"href":"https:\/\/linitiative.ca\/International\/wp-json\/wp\/v2\/categories?post=84631"},{"taxonomy":"post_tag","embeddable":true,"href":"https:\/\/linitiative.ca\/International\/wp-json\/wp\/v2\/tags?post=84631"}],"curies":[{"name":"wp","href":"https:\/\/api.w.org\/{rel}","templated":true}]}}