{"id":84633,"date":"2020-05-07T11:28:12","date_gmt":"2020-05-07T15:28:12","guid":{"rendered":"https:\/\/linitiative.ca\/International\/deux-remissions-a-lhopital-mohammed-vi-a-tahanaout-09-au-total\/"},"modified":"2020-05-07T11:28:12","modified_gmt":"2020-05-07T15:28:12","slug":"deux-remissions-a-lhopital-mohammed-vi-a-tahanaout-09-au-total","status":"publish","type":"post","link":"https:\/\/linitiative.ca\/International\/deux-remissions-a-lhopital-mohammed-vi-a-tahanaout-09-au-total\/","title":{"rendered":"Deux r\u00e9missions \u00e0 l\u2019h\u00f4pital Mohammed VI \u00e0 Tahanaout, 09 au total"},"content":{"rendered":"<div class=\"single-featured\"><img alt=\"\" data-src=\"http:\/\/www.mapmarrakech.ma\/map\/uploads\/2020\/05\/guerisons-chu-copier.jpg\"\/><\/div>\n<div class=\"single-post-excerpt post-excerpt-bc\" readability=\"36\">\n<p>Tahanaout (province d\u2019Al Haouz) \u2013 Deux nouveaux patients compl\u00e8tement gu\u00e9ris du nouveau coronavirus (Covid-19) ont quitt\u00e9, jeudi matin, l\u2019h\u00f4pital Mohammed VI \u00e0 Tahanaout relevant de la province d\u2019Al Haouz.<\/p>\n<\/div>\n<div class=\"entry-content clearfix single-post-content\" readability=\"57\">\n<p>Il s\u2019agit d\u2019un homme \u00e2g\u00e9 de 46 ans issu de Tahanaout et d\u2019un enfant de 9 ans, issu d\u2019une commune rurale de la province, d\u00e9finitivement gu\u00e9ris apr\u00e8s que les tests m\u00e9dicaux et cliniques effectu\u00e9s se sont r\u00e9v\u00e9l\u00e9s n\u00e9gatifs.<\/p>\n<p>Ainsi, ces nouvelles r\u00e9missions portent \u00e0 9 le nombre total des patients ayant quitt\u00e9 cet \u00e9tablissement hospitalier apr\u00e8s la confirmation de leur gu\u00e9rison totale.<\/p>\n<p>Selon le directeur de l\u2019h\u00f4pital provincial Mohammed VI \u00e0 Tahanaout, Abdellatif Zrhadi, la dur\u00e9e d\u2019hospitalisation de ces deux gu\u00e9ris se situait entre 14 et 21 jours, relevant que leur \u00e9tat de sant\u00e9 a \u00e9t\u00e9 stable pendant leur hospitalisation.<\/p>\n<p>L\u2019enfant devra passer quelque jours suppl\u00e9mentaires de convalescence dans un centre d\u00e9di\u00e9 et ce, conform\u00e9ment au protocole de soin adopt\u00e9 par le minist\u00e8re de la sant\u00e9.<\/p>\n<p>Pour rappel, le nombre de patients contamin\u00e9s au coronavirus (Covid-19) et pris en charge par l\u2019h\u00f4pital Mohammed VI de Tahanaout s\u2019\u00e9l\u00e8ve actuellement \u00e0 13, dont 03 en attente des r\u00e9sultats des analyses.<\/p>\n<\/div>\n<p>Auteur: Meriem IGASS<br \/>\n<a href=\"http:\/\/www.mapmarrakech.ma\/fr\/deux-remissions-a-lhopital-mohammed-vi-a-tahanaout-09-au-total\/\">Cliquez ici pour lire l&rsquo;article depuis sa source.<\/a><\/p>\n","protected":false},"excerpt":{"rendered":"<p>Tahanaout (province d\u2019Al Haouz) \u2013 Deux nouveaux patients compl\u00e8tement gu\u00e9ris du nouveau coronavirus (Covid-19) ont quitt\u00e9, jeudi matin, l\u2019h\u00f4pital Mohammed VI \u00e0 Tahanaout relevant de la province d\u2019Al Haouz. Il s\u2019agit d\u2019un homme \u00e2g\u00e9 de 46 ans issu de Tahanaout et d\u2019un enfant de 9 ans, issu d\u2019une commune rurale de la province, d\u00e9finitivement gu\u00e9ris [&hellip;]<\/p>\n","protected":false},"author":1788,"featured_media":84634,"comment_status":"closed","ping_status":"closed","sticky":false,"template":"","format":"standard","meta":{"fifu_image_url":"","fifu_image_alt":"","footnotes":""},"categories":[54,76],"tags":[],"class_list":["post-84633","post","type-post","status-publish","format-standard","has-post-thumbnail","hentry","category-maroc","category-regions"],"_links":{"self":[{"href":"https:\/\/linitiative.ca\/International\/wp-json\/wp\/v2\/posts\/84633","targetHints":{"allow":["GET"]}}],"collection":[{"href":"https:\/\/linitiative.ca\/International\/wp-json\/wp\/v2\/posts"}],"about":[{"href":"https:\/\/linitiative.ca\/International\/wp-json\/wp\/v2\/types\/post"}],"author":[{"embeddable":true,"href":"https:\/\/linitiative.ca\/International\/wp-json\/wp\/v2\/users\/1788"}],"replies":[{"embeddable":true,"href":"https:\/\/linitiative.ca\/International\/wp-json\/wp\/v2\/comments?post=84633"}],"version-history":[{"count":0,"href":"https:\/\/linitiative.ca\/International\/wp-json\/wp\/v2\/posts\/84633\/revisions"}],"wp:featuredmedia":[{"embeddable":true,"href":"https:\/\/linitiative.ca\/International\/wp-json\/"}],"wp:attachment":[{"href":"https:\/\/linitiative.ca\/International\/wp-json\/wp\/v2\/media?parent=84633"}],"wp:term":[{"taxonomy":"category","embeddable":true,"href":"https:\/\/linitiative.ca\/International\/wp-json\/wp\/v2\/categories?post=84633"},{"taxonomy":"post_tag","embeddable":true,"href":"https:\/\/linitiative.ca\/International\/wp-json\/wp\/v2\/tags?post=84633"}],"curies":[{"name":"wp","href":"https:\/\/api.w.org\/{rel}","templated":true}]}}