{"id":84635,"date":"2020-05-07T13:10:58","date_gmt":"2020-05-07T17:10:58","guid":{"rendered":"https:\/\/linitiative.ca\/International\/covid-19-140-nouveaux-cas-confirmes-au-maroc-5-548-au-total\/"},"modified":"2020-05-07T13:10:58","modified_gmt":"2020-05-07T17:10:58","slug":"covid-19-140-nouveaux-cas-confirmes-au-maroc-5-548-au-total","status":"publish","type":"post","link":"https:\/\/linitiative.ca\/International\/covid-19-140-nouveaux-cas-confirmes-au-maroc-5-548-au-total\/","title":{"rendered":"Covid-19 : 140 nouveaux cas confirm\u00e9s au Maroc, 5.548 au total"},"content":{"rendered":"<div class=\"single-featured\"><img alt=\"\" data-src=\"http:\/\/www.mapmarrakech.ma\/map\/uploads\/2020\/05\/bilan-fr-4.jpeg\"\/><\/div>\n<div class=\"single-post-excerpt post-excerpt-bc\" readability=\"36\">\n<p>Cent-quarante (140) nouveaux cas d\u2019infection au coronavirus (Covid-19) ont \u00e9t\u00e9 confirm\u00e9s au Maroc pendant les derni\u00e8res 24 heures, portant \u00e0 5.548 cas le nombre total des cas de contamination, a annonc\u00e9 jeudi le minist\u00e8re de la Sant\u00e9<\/p>\n<\/div>\n<div class=\"entry-content clearfix single-post-content\" readability=\"50\">\n<p>Le nombre de personnes d\u00e9clar\u00e9es gu\u00e9ries s\u2019est \u00e9lev\u00e9, jusqu\u2019\u00e0 jeudi \u00e0 16H00, \u00e0 2.179 avec 162 nouvelles r\u00e9missions, a indiqu\u00e9 le directeur de l\u2019\u00e9pid\u00e9miologie et de lutte contre les maladies au minist\u00e8re de la Sant\u00e9, Mohamed El Youbi, dans une d\u00e9claration retransmise par la MAP sur sa cha\u00eene de t\u00e9l\u00e9vision M24 et et sur RIM RADIO.<\/p>\n<p>Aucun nouveau d\u00e9c\u00e8s n\u2019a \u00e9t\u00e9 enregistr\u00e9 durant ces derni\u00e8res 24 heures, ce qui maintient \u00e0 183 le nombre total de d\u00e9c\u00e8s, a ajout\u00e9 le responsable.<\/p>\n<p>Le minist\u00e8re de la sant\u00e9 invite les citoyens \u00e0 respecter les r\u00e8gles d\u2019hygi\u00e8ne et de s\u00e9curit\u00e9 sanitaire, ainsi que les mesures pr\u00e9ventives prises par les autorit\u00e9s marocaines en faisant preuve de responsabilit\u00e9 et de patriotisme.<\/p>\n<\/div>\n<p>Auteur: Meriem IGASS<br \/>\n<a href=\"http:\/\/www.mapmarrakech.ma\/fr\/covid-19-140-nouveaux-cas-confirmes-au-maroc-5-548-au-total\/\">Cliquez ici pour lire l&rsquo;article depuis sa source.<\/a><\/p>\n","protected":false},"excerpt":{"rendered":"<p>Cent-quarante (140) nouveaux cas d\u2019infection au coronavirus (Covid-19) ont \u00e9t\u00e9 confirm\u00e9s au Maroc pendant les derni\u00e8res 24 heures, portant \u00e0 5.548 cas le nombre total des cas de contamination, a annonc\u00e9 jeudi le minist\u00e8re de la Sant\u00e9 Le nombre de personnes d\u00e9clar\u00e9es gu\u00e9ries s\u2019est \u00e9lev\u00e9, jusqu\u2019\u00e0 jeudi \u00e0 16H00, \u00e0 2.179 avec 162 nouvelles r\u00e9missions, [&hellip;]<\/p>\n","protected":false},"author":1788,"featured_media":84636,"comment_status":"closed","ping_status":"closed","sticky":false,"template":"","format":"standard","meta":{"fifu_image_url":"","fifu_image_alt":"","footnotes":""},"categories":[54,76],"tags":[],"class_list":["post-84635","post","type-post","status-publish","format-standard","has-post-thumbnail","hentry","category-maroc","category-regions"],"_links":{"self":[{"href":"https:\/\/linitiative.ca\/International\/wp-json\/wp\/v2\/posts\/84635","targetHints":{"allow":["GET"]}}],"collection":[{"href":"https:\/\/linitiative.ca\/International\/wp-json\/wp\/v2\/posts"}],"about":[{"href":"https:\/\/linitiative.ca\/International\/wp-json\/wp\/v2\/types\/post"}],"author":[{"embeddable":true,"href":"https:\/\/linitiative.ca\/International\/wp-json\/wp\/v2\/users\/1788"}],"replies":[{"embeddable":true,"href":"https:\/\/linitiative.ca\/International\/wp-json\/wp\/v2\/comments?post=84635"}],"version-history":[{"count":0,"href":"https:\/\/linitiative.ca\/International\/wp-json\/wp\/v2\/posts\/84635\/revisions"}],"wp:featuredmedia":[{"embeddable":true,"href":"https:\/\/linitiative.ca\/International\/wp-json\/"}],"wp:attachment":[{"href":"https:\/\/linitiative.ca\/International\/wp-json\/wp\/v2\/media?parent=84635"}],"wp:term":[{"taxonomy":"category","embeddable":true,"href":"https:\/\/linitiative.ca\/International\/wp-json\/wp\/v2\/categories?post=84635"},{"taxonomy":"post_tag","embeddable":true,"href":"https:\/\/linitiative.ca\/International\/wp-json\/wp\/v2\/tags?post=84635"}],"curies":[{"name":"wp","href":"https:\/\/api.w.org\/{rel}","templated":true}]}}